{"id":19004,"date":"2021-03-06T02:15:00","date_gmt":"2021-03-06T02:15:00","guid":{"rendered":"https:\/\/www.radiopresidenteibanez.cl\/web\/?p=19004"},"modified":"2021-03-05T15:42:10","modified_gmt":"2021-03-05T15:42:10","slug":"alcalde-de-san-gregorio-establece-alianza-estrategica-con-ministro-felipe-ward-para-el-desarrollo-de-proyectos-habitacionales","status":"publish","type":"post","link":"https:\/\/www.radiopresidenteibanez.cl\/web\/alcalde-de-san-gregorio-establece-alianza-estrategica-con-ministro-felipe-ward-para-el-desarrollo-de-proyectos-habitacionales\/","title":{"rendered":"ALCALDE DE SAN GREGORIO ESTABLECE ALIANZA ESTRAT\u00c9GICA CON MINISTRO FELIPE WARD PARA EL DESARROLLO DE PROYECTOS HABITACIONALES"},"content":{"rendered":"\n<p>En una fruct\u00edfera reuni\u00f3n con el\nministro de Vivienda y Urbanismo, Felipe Ward Edwards, el alcalde de la comuna\nde San Gregorio, Edgar C\u00e1rcamo Alderete, le manifest\u00f3 al secretario de Estado\nla importancia que ha tenido las m\u00faltiples intervenciones del Minvu en la\nlocalidad, donde se destacada el Plan de Peque\u00f1as Localidades y el dise\u00f1o de\nv\u00edas claves para el bienestar de la poblaci\u00f3n.<\/p>\n\n\n\n<p>A su vez, el edil manifest\u00f3 que es\nimportante crear proyectos habitacionales tras la demanda existente en San\nGregorio, como tambi\u00e9n ir mejorando los espacios p\u00fablicos que son usados con\nfrecuencia por los habitantes. <\/p>\n\n\n\n<p>\u201cQuiero agradecer la visita del\nministro de Vivienda y Urbanismo a Magallanes, quien nos ha dado la oportunidad\nde conversar sobre los temas que son actuales para la comuna de San Gregorio y\nconsensuar algunos temas que son recurrentes en el tema de vivienda para las\nfamilias. Quiero entregarle el saludo del Concejo Municipal como de los\nvecinos; porque pocas veces los alcaldes de comunas rurales tenemos la\noportunidad de conversar con un ministro de Estado\u201d, destac\u00f3 el alcalde Edgar\nC\u00e1rcamo.<\/p>\n\n\n\n<p>Por su parte, el ministro Felipe Ward,\nvalor\u00f3 la instancia de conversaci\u00f3n y manifest\u00f3 que \u201cagradezco la voluntad que\ntuvo el alcalde, de conversar aqu\u00ed porque hay muchos temas, como de vivienda,\nque pueden ser resueltos si trabajamos en conjunto. Yo propongo que seamos\nsocios estrat\u00e9gicos y que avancemos, ya que su comuna ha tenido avances que\ntodas las personas conocen, es muy buena noticia de que tengamos esta alianza\nestrat\u00e9gica\u201d.<\/p>\n","protected":false},"excerpt":{"rendered":"<p>En una fruct\u00edfera reuni\u00f3n con el ministro de Vivienda y Urbanismo, Felipe Ward Edwards, el alcalde de la comuna de San Gregorio, Edgar C\u00e1rcamo Alderete, le manifest\u00f3 al secretario de&#8230; <a class=\"read-more\" href=\"https:\/\/www.radiopresidenteibanez.cl\/web\/alcalde-de-san-gregorio-establece-alianza-estrategica-con-ministro-felipe-ward-para-el-desarrollo-de-proyectos-habitacionales\/\">Leer m\u00e1s<\/a><\/p>\n","protected":false},"author":2,"featured_media":19005,"comment_status":"closed","ping_status":"closed","sticky":false,"template":"","format":"standard","meta":{"footnotes":""},"categories":[1],"tags":[],"class_list":["post-19004","post","type-post","status-publish","format-standard","has-post-thumbnail","hentry","category-cronica"],"_links":{"self":[{"href":"https:\/\/www.radiopresidenteibanez.cl\/web\/wp-json\/wp\/v2\/posts\/19004","targetHints":{"allow":["GET"]}}],"collection":[{"href":"https:\/\/www.radiopresidenteibanez.cl\/web\/wp-json\/wp\/v2\/posts"}],"about":[{"href":"https:\/\/www.radiopresidenteibanez.cl\/web\/wp-json\/wp\/v2\/types\/post"}],"author":[{"embeddable":true,"href":"https:\/\/www.radiopresidenteibanez.cl\/web\/wp-json\/wp\/v2\/users\/2"}],"replies":[{"embeddable":true,"href":"https:\/\/www.radiopresidenteibanez.cl\/web\/wp-json\/wp\/v2\/comments?post=19004"}],"version-history":[{"count":0,"href":"https:\/\/www.radiopresidenteibanez.cl\/web\/wp-json\/wp\/v2\/posts\/19004\/revisions"}],"wp:featuredmedia":[{"embeddable":true,"href":"https:\/\/www.radiopresidenteibanez.cl\/web\/wp-json\/wp\/v2\/media\/19005"}],"wp:attachment":[{"href":"https:\/\/www.radiopresidenteibanez.cl\/web\/wp-json\/wp\/v2\/media?parent=19004"}],"wp:term":[{"taxonomy":"category","embeddable":true,"href":"https:\/\/www.radiopresidenteibanez.cl\/web\/wp-json\/wp\/v2\/categories?post=19004"},{"taxonomy":"post_tag","embeddable":true,"href":"https:\/\/www.radiopresidenteibanez.cl\/web\/wp-json\/wp\/v2\/tags?post=19004"}],"curies":[{"name":"wp","href":"https:\/\/api.w.org\/{rel}","templated":true}]}}