{"id":19001,"date":"2021-03-06T02:00:00","date_gmt":"2021-03-06T02:00:00","guid":{"rendered":"https:\/\/www.radiopresidenteibanez.cl\/web\/?p=19001"},"modified":"2021-03-05T15:40:21","modified_gmt":"2021-03-05T15:40:21","slug":"ministro-de-vivienda-no-otorgo-audiencia-a-alcalde-brztilo","status":"publish","type":"post","link":"https:\/\/www.radiopresidenteibanez.cl\/web\/ministro-de-vivienda-no-otorgo-audiencia-a-alcalde-brztilo\/","title":{"rendered":"MINISTRO DE VIVIENDA NO OTORG\u00d3 AUDIENCIA A ALCALDE BRZTILO"},"content":{"rendered":"\n<p>Como fue p\u00fablicamente sabido, esta semana se encontraba en\nnuestra regi\u00f3n el Ministro de Vivienda y Urbanismo Felipe Ward desarrollando\ndiversas actividades, principalmente enfocadas en Punta Arenas y Puerto\nNatales, en una apretada agenda seg\u00fan informaron desde la propia Minvu\nregional.<\/p>\n\n\n\n<p>El Alcalde Blagomir Brztilo, al enterarse de la venida del\nministro en cuesti\u00f3n, realiz\u00f3 las gestiones necesarias para poder tener una\naudiencia con el Ministro Ward, con el fin de poder conversar y tratar el\nProyecto de Conjunto Habitacional \u201cPioneros\u201d que busca dar soluci\u00f3n\nhabitacional a 60 familias de nuestra comuna, cosa que no fue otorgada,\naludiendo a que ten\u00edan el tiempo muy acotado en su visita a la regi\u00f3n, visita\nque dur\u00f3 tres d\u00edas por lo dem\u00e1s, y que solo se enfoc\u00f3 en dos de las cuatro\ncapitales provinciales de Magallanes. <\/p>\n\n\n\n<p>Como municipio y comunidad nos seguimos sintiendo\npostergados en esta materia, ya que el conjunto habitacional no solo tiene que\nver con la construcci\u00f3n de 60 viviendas, si no que tiene que ver con mejorar la\ncalidad de vida de 60 familias y de toda una comunidad que tiene serios\nproblemas de hacinamiento y que se merecen mayor dignidad social. Es inconcebible\nque un ministro no se pueda hacer 45 minutos de su tiempo, dentro de una\nextensa visita, para poder recibir al alcalde, concejo municipal y directiva\ndel comit\u00e9 habitacional, para as\u00ed poder llegar a una pronta soluci\u00f3n con una\ndemanda que se viene arrastrando por m\u00e1s de 5 a\u00f1os desde que el municipio\ncomenz\u00f3 con el proyecto habitacional, en donde el Ministerio de Vivienda y\nUrbanismo no ha intervenido con soluciones habitacionales por m\u00e1s de 30 a\u00f1os en\nla comuna, y esta gesti\u00f3n municipal ha asumido ese desaf\u00edo junto a los vecinos\ny vecinas. <\/p>\n\n\n\n<p>Ante la negativa respuesta a la solicitud de audiencia, el\nMinistro solo se limit\u00f3 a enviar un oficio al Se\u00f1or Alcalde donde queda\nclaramente demostrado el nulo conocimiento de los territorios, del programa al\ncual se est\u00e1 postulando con el conjunto habitacional y donde claramente queda\ndemostrado que las decisiones son centralistas y el proyecto es valorado y\nevaluado con una mirada nacional y no local. Responderemos el oficio como\ncorresponde, dando a conocer sus errores y desconocimiento del territorio y la\nrealidad regional m\u00e1s all\u00e1 de las capitales provinciales.<\/p>\n\n\n\n<p>Vamos a seguir con la misma energ\u00eda luchando por este\nproyecto hasta que las autoridades \u201ccompetentes\u201d entiendan de una vez nuestra\nrealidad habitacional y por lo menos se dignen de visitar el territorio y\nconozcan en terreno nuestra problem\u00e1tica y necesidad.<\/p>\n\n\n\n<p>Seguiremos trabajando en el futuro por la concreci\u00f3n de este\nproyecto.<\/p>\n","protected":false},"excerpt":{"rendered":"<p>Como fue p\u00fablicamente sabido, esta semana se encontraba en nuestra regi\u00f3n el Ministro de Vivienda y Urbanismo Felipe Ward desarrollando diversas actividades, principalmente enfocadas en Punta Arenas y Puerto Natales,&#8230; <a class=\"read-more\" href=\"https:\/\/www.radiopresidenteibanez.cl\/web\/ministro-de-vivienda-no-otorgo-audiencia-a-alcalde-brztilo\/\">Leer m\u00e1s<\/a><\/p>\n","protected":false},"author":2,"featured_media":19002,"comment_status":"closed","ping_status":"closed","sticky":false,"template":"","format":"standard","meta":{"footnotes":""},"categories":[1],"tags":[],"class_list":["post-19001","post","type-post","status-publish","format-standard","has-post-thumbnail","hentry","category-cronica"],"_links":{"self":[{"href":"https:\/\/www.radiopresidenteibanez.cl\/web\/wp-json\/wp\/v2\/posts\/19001","targetHints":{"allow":["GET"]}}],"collection":[{"href":"https:\/\/www.radiopresidenteibanez.cl\/web\/wp-json\/wp\/v2\/posts"}],"about":[{"href":"https:\/\/www.radiopresidenteibanez.cl\/web\/wp-json\/wp\/v2\/types\/post"}],"author":[{"embeddable":true,"href":"https:\/\/www.radiopresidenteibanez.cl\/web\/wp-json\/wp\/v2\/users\/2"}],"replies":[{"embeddable":true,"href":"https:\/\/www.radiopresidenteibanez.cl\/web\/wp-json\/wp\/v2\/comments?post=19001"}],"version-history":[{"count":0,"href":"https:\/\/www.radiopresidenteibanez.cl\/web\/wp-json\/wp\/v2\/posts\/19001\/revisions"}],"wp:featuredmedia":[{"embeddable":true,"href":"https:\/\/www.radiopresidenteibanez.cl\/web\/wp-json\/wp\/v2\/media\/19002"}],"wp:attachment":[{"href":"https:\/\/www.radiopresidenteibanez.cl\/web\/wp-json\/wp\/v2\/media?parent=19001"}],"wp:term":[{"taxonomy":"category","embeddable":true,"href":"https:\/\/www.radiopresidenteibanez.cl\/web\/wp-json\/wp\/v2\/categories?post=19001"},{"taxonomy":"post_tag","embeddable":true,"href":"https:\/\/www.radiopresidenteibanez.cl\/web\/wp-json\/wp\/v2\/tags?post=19001"}],"curies":[{"name":"wp","href":"https:\/\/api.w.org\/{rel}","templated":true}]}}