{"id":18999,"date":"2021-03-05T15:31:02","date_gmt":"2021-03-05T15:31:02","guid":{"rendered":"https:\/\/www.radiopresidenteibanez.cl\/web\/?p=18999"},"modified":"2021-03-05T15:31:09","modified_gmt":"2021-03-05T15:31:09","slug":"con-voto-favorable-de-diputada-sandra-amar-la-camara-aprueba-proyecto-para-prorrogar-el-pago-del-permiso-de-circulacion","status":"publish","type":"post","link":"https:\/\/www.radiopresidenteibanez.cl\/web\/con-voto-favorable-de-diputada-sandra-amar-la-camara-aprueba-proyecto-para-prorrogar-el-pago-del-permiso-de-circulacion\/","title":{"rendered":"CON VOTO FAVORABLE DE DIPUTADA SANDRA AMAR LA C\u00c1MARA APRUEBA PROYECTO PARA PRORROGAR EL PAGO DEL PERMISO DE CIRCULACI\u00d3N"},"content":{"rendered":"\n<p>La\nC\u00e1mara de Diputados aprob\u00f3 un proyecto de resoluci\u00f3n, por medio del cual se\nsolicita el presidente de la Rep\u00fablica, el ingreso dentro del m\u00e1s breve plazo,\nde un proyecto que disponga la pr\u00f3rroga de la vigencia de los permisos de\ncirculaci\u00f3n, a lo menos hasta el segundo semestre del presente a\u00f1o.<\/p>\n\n\n\n<p>Al\nrespecto, la diputada Sandra Amar, quien vot\u00f3 a favor de la iniciativa, explic\u00f3\nque \u201choy desde el Congreso Nacional tenemos las posibilidades actuar de manera\npro activa, pero cumpliendo con los procedimientos legales para prorrogar\nnuevamente el plazo para el pago del permiso de circulaci\u00f3n\u201d<\/p>\n\n\n\n<p>\u201cMarzo\nen un mes de muchos gastos y por ello debemos entregar una soluci\u00f3n clara y\nconcreta que permita entregar un respiro <a>a miles de\nfamilias que van a tener que realizar este gasto sabiendo las consecuencias\nnegativas que ha generado el Covid19\u201d, argument\u00f3 Amar.<\/a><\/p>\n\n\n\n<p>La\ndiputada por Magallanes record\u00f3 que el a\u00f1o 2020, el Congreso trabaj\u00f3 -entre\notras cosas- en la redacci\u00f3n de dos leyes que fueron de suma importancia para\nla clase media del pa\u00eds., \u201cnos referimos a la postergaci\u00f3n de licencias de\nconducir que deb\u00edan ser renovadas durante el a\u00f1o calendario 2020, y la pr\u00f3rroga\nde la vigencia de los permisos de circulaci\u00f3n. Estas iniciativas que fueron\nagradecidas por la ciudadan\u00eda, significaron un alivio real para la econom\u00eda\ndom\u00e9stica y los diversos sectores que se vieron fuertemente afectados por la\npandemia covid-19 y las consecuencias econ\u00f3micas que \u00e9sta ha dejado a su paso\u201d.<\/p>\n\n\n\n<p>En\nesa l\u00ednea, la legisladora sostuvo que \u201cconsiderando que la pandemia covid-19\na\u00fan no ha sido superada, y que los efectos econ\u00f3micos asociados a la misma\nsiguen presentes en el pa\u00eds, la discusi\u00f3n ha vuelto a estar sobre la mesa. En\neste sentido, se han presentado ya distintas mociones que autorizan la\npostergaci\u00f3n de las licencias de conducir, iniciativas que se encuentran en\ntramitaci\u00f3n y que esperamos prontamente puedan transformarse en ley de la\nRep\u00fablica. Sin embargo, y en cuanto los permisos de circulaci\u00f3n tienen como\nnaturaleza jur\u00eddica la de ser un impuesto, las iniciativas legislativas\nasociadas a esta materia, corresponden exclusivamente al presidente de la\nRep\u00fablica, raz\u00f3n por la cual este Congreso se encuentra impedido para comenzar\nuna discusi\u00f3n\u201d.<\/p>\n\n\n\n<p>En\neste sentido, agreg\u00f3 la diputada por Magallanes, \u201ccreemos esencial que el\nEjecutivo se haga parte de la discusi\u00f3n, y presente en el m\u00e1s breve plazo un\nproyecto para postergar la vigencia de los permisos de circulaci\u00f3n, a lo menos,\nhasta el segundo semestre del presente a\u00f1o, \u00e9poca en la que se estima que un\nalto porcentaje de la poblaci\u00f3n podr\u00e1 haber optado a la vacuna y por\nconsiguiente conseguirse inmunidad de reba\u00f1o\u201d.<\/p>\n\n\n\n<p>Finalmente,\nla diputada Sandra Amar hizo un llamado al Ejecutivo a enviar a la brevedad el\nproyecto de ley y as\u00ed entregar un alivio econ\u00f3mico real y concreto a las\nfamilias del pa\u00eds\u201d.<\/p>\n","protected":false},"excerpt":{"rendered":"<p>La C\u00e1mara de Diputados aprob\u00f3 un proyecto de resoluci\u00f3n, por medio del cual se solicita el presidente de la Rep\u00fablica, el ingreso dentro del m\u00e1s breve plazo, de un proyecto&#8230; <a class=\"read-more\" href=\"https:\/\/www.radiopresidenteibanez.cl\/web\/con-voto-favorable-de-diputada-sandra-amar-la-camara-aprueba-proyecto-para-prorrogar-el-pago-del-permiso-de-circulacion\/\">Leer m\u00e1s<\/a><\/p>\n","protected":false},"author":2,"featured_media":12256,"comment_status":"closed","ping_status":"closed","sticky":false,"template":"","format":"standard","meta":{"footnotes":""},"categories":[1],"tags":[],"class_list":["post-18999","post","type-post","status-publish","format-standard","has-post-thumbnail","hentry","category-cronica"],"_links":{"self":[{"href":"https:\/\/www.radiopresidenteibanez.cl\/web\/wp-json\/wp\/v2\/posts\/18999","targetHints":{"allow":["GET"]}}],"collection":[{"href":"https:\/\/www.radiopresidenteibanez.cl\/web\/wp-json\/wp\/v2\/posts"}],"about":[{"href":"https:\/\/www.radiopresidenteibanez.cl\/web\/wp-json\/wp\/v2\/types\/post"}],"author":[{"embeddable":true,"href":"https:\/\/www.radiopresidenteibanez.cl\/web\/wp-json\/wp\/v2\/users\/2"}],"replies":[{"embeddable":true,"href":"https:\/\/www.radiopresidenteibanez.cl\/web\/wp-json\/wp\/v2\/comments?post=18999"}],"version-history":[{"count":0,"href":"https:\/\/www.radiopresidenteibanez.cl\/web\/wp-json\/wp\/v2\/posts\/18999\/revisions"}],"wp:featuredmedia":[{"embeddable":true,"href":"https:\/\/www.radiopresidenteibanez.cl\/web\/wp-json\/wp\/v2\/media\/12256"}],"wp:attachment":[{"href":"https:\/\/www.radiopresidenteibanez.cl\/web\/wp-json\/wp\/v2\/media?parent=18999"}],"wp:term":[{"taxonomy":"category","embeddable":true,"href":"https:\/\/www.radiopresidenteibanez.cl\/web\/wp-json\/wp\/v2\/categories?post=18999"},{"taxonomy":"post_tag","embeddable":true,"href":"https:\/\/www.radiopresidenteibanez.cl\/web\/wp-json\/wp\/v2\/tags?post=18999"}],"curies":[{"name":"wp","href":"https:\/\/api.w.org\/{rel}","templated":true}]}}