{"id":18996,"date":"2021-03-05T15:28:58","date_gmt":"2021-03-05T15:28:58","guid":{"rendered":"https:\/\/www.radiopresidenteibanez.cl\/web\/?p=18996"},"modified":"2021-03-05T15:29:03","modified_gmt":"2021-03-05T15:29:03","slug":"tercera-zona-naval-traslada-segundas-dosis-vacuna-sinovac-a-puerto-eden","status":"publish","type":"post","link":"https:\/\/www.radiopresidenteibanez.cl\/web\/tercera-zona-naval-traslada-segundas-dosis-vacuna-sinovac-a-puerto-eden\/","title":{"rendered":"TERCERA ZONA NAVAL TRASLADA SEGUNDAS DOSIS VACUNA SINOVAC A PUERTO ED\u00c9N"},"content":{"rendered":"\n<p>Se despleg\u00f3 la Lancha de Servicio de Rescate LSR 4422, perteneciente a la Capitan\u00eda de Puerto de Puerto Natales, con la tarea de realizar el apoyo para el traslado de 69 vacunas SINOVAC a la localidad de Puerto Ed\u00e9n, lo que corresponde a las segundas dosis de los habitantes de esa localidad. <\/p>\n\n\n\n<p>Este\noperativo ser\u00e1 realizado a trav\u00e9s de una maniobra de <em>rendezvou<\/em> con la Unidad LSR 4431, perteneciente a la Capitan\u00eda de\nPuerto de Puerto Ed\u00e9n. Ambas unidades se unir\u00e1n en el sector de Puerto Bueno,\ndonde se realizar\u00e1 el traspaso de las dosis para finalmente recalar en la localidad\nde Puerto Ed\u00e9n, &nbsp;a las 2200 horas del d\u00eda\nde hoy. <\/p>\n\n\n\n<p>Ante\nesto, el Capit\u00e1n de Puerto (s) de Puerto Natales Teniente Primero Osvaldo\nCuadra asegur\u00f3 que&nbsp; \u201cA trav\u00e9s de este\noperativo la Armada de Chile, &nbsp;por medio\nde la Tercera Zona Naval, contin\u00faa con su compromiso permanente a las zonas\naisladas, destacando que \u00e9sta es una contribuci\u00f3n concreta que facilita la\nInstituci\u00f3n, ya que sin este operativo dif\u00edcilmente los habitantes de esta\nlocalidad aislada se habr\u00edan podido inocular\u201d, asegur\u00f3. <\/p>\n\n\n\n<p>Es\nimportante recalcar que esta acci\u00f3n se enmarca en la Contribuci\u00f3n al Desarrollo\nNacional como \u00e1rea de Misi\u00f3n de la Armada de Chile, que agrupa las misiones\ndestinadas al empleo de las Fuerzas Armadas en apoyo a la comunidad y a otros\norganismos del Estado para atender necesidades sociales; requerimientos\nderivados de pol\u00edticas p\u00fablicas; el desarrollo del pa\u00eds en el \u00e1mbito cient\u00edfico\ny tecnol\u00f3gico para la obtenci\u00f3n de sus propias capacidades; la preservaci\u00f3n del\nmedio ambiente; la integraci\u00f3n de zonas fronterizas, cooperando en la\nvertebraci\u00f3n del territorio nacional continental e insular. <\/p>\n","protected":false},"excerpt":{"rendered":"<p>Se despleg\u00f3 la Lancha de Servicio de Rescate LSR 4422, perteneciente a la Capitan\u00eda de Puerto de Puerto Natales, con la tarea de realizar el apoyo para el traslado de&#8230; <a class=\"read-more\" href=\"https:\/\/www.radiopresidenteibanez.cl\/web\/tercera-zona-naval-traslada-segundas-dosis-vacuna-sinovac-a-puerto-eden\/\">Leer m\u00e1s<\/a><\/p>\n","protected":false},"author":2,"featured_media":18997,"comment_status":"closed","ping_status":"closed","sticky":false,"template":"","format":"standard","meta":{"footnotes":""},"categories":[1],"tags":[],"class_list":["post-18996","post","type-post","status-publish","format-standard","has-post-thumbnail","hentry","category-cronica"],"_links":{"self":[{"href":"https:\/\/www.radiopresidenteibanez.cl\/web\/wp-json\/wp\/v2\/posts\/18996","targetHints":{"allow":["GET"]}}],"collection":[{"href":"https:\/\/www.radiopresidenteibanez.cl\/web\/wp-json\/wp\/v2\/posts"}],"about":[{"href":"https:\/\/www.radiopresidenteibanez.cl\/web\/wp-json\/wp\/v2\/types\/post"}],"author":[{"embeddable":true,"href":"https:\/\/www.radiopresidenteibanez.cl\/web\/wp-json\/wp\/v2\/users\/2"}],"replies":[{"embeddable":true,"href":"https:\/\/www.radiopresidenteibanez.cl\/web\/wp-json\/wp\/v2\/comments?post=18996"}],"version-history":[{"count":0,"href":"https:\/\/www.radiopresidenteibanez.cl\/web\/wp-json\/wp\/v2\/posts\/18996\/revisions"}],"wp:featuredmedia":[{"embeddable":true,"href":"https:\/\/www.radiopresidenteibanez.cl\/web\/wp-json\/wp\/v2\/media\/18997"}],"wp:attachment":[{"href":"https:\/\/www.radiopresidenteibanez.cl\/web\/wp-json\/wp\/v2\/media?parent=18996"}],"wp:term":[{"taxonomy":"category","embeddable":true,"href":"https:\/\/www.radiopresidenteibanez.cl\/web\/wp-json\/wp\/v2\/categories?post=18996"},{"taxonomy":"post_tag","embeddable":true,"href":"https:\/\/www.radiopresidenteibanez.cl\/web\/wp-json\/wp\/v2\/tags?post=18996"}],"curies":[{"name":"wp","href":"https:\/\/api.w.org\/{rel}","templated":true}]}}