{"id":18990,"date":"2021-03-05T03:30:00","date_gmt":"2021-03-05T03:30:00","guid":{"rendered":"https:\/\/www.radiopresidenteibanez.cl\/web\/?p=18990"},"modified":"2021-03-04T21:03:01","modified_gmt":"2021-03-04T21:03:01","slug":"autoridades-detallan-propuesta-de-reforma-de-pensiones-que-amplia-a-80-beneficios-del-pilar-solidario-y-fortalece-pilar-contributivo","status":"publish","type":"post","link":"https:\/\/www.radiopresidenteibanez.cl\/web\/autoridades-detallan-propuesta-de-reforma-de-pensiones-que-amplia-a-80-beneficios-del-pilar-solidario-y-fortalece-pilar-contributivo\/","title":{"rendered":"AUTORIDADES DETALLAN PROPUESTA DE REFORMA DE PENSIONES QUE AMPL\u00cdA A 80% BENEFICIOS DEL PILAR SOLIDARIO Y FORTALECE PILAR CONTRIBUTIVO"},"content":{"rendered":"\n<p>Las autoridades regionales,\nencabezadas por el intendente (s) de Magallanes, Alejandro V\u00e1squez, entregaron\ndetalles sobre el anuncio realizado en Cadena Nacional por el Presidente de la\nRep\u00fablica, Sebasti\u00e1n Pi\u00f1era, en funci\u00f3n de la nueva propuesta de ajustes a la\nReforma de Pensiones, que apuesta por mejoras, tanto al Pilar Solidario como al\nContributivo, a fin de llegar a todos los pensionados que hoy lo requieren.<\/p>\n\n\n\n<p>As\u00ed lo se\u00f1al\u00f3 la primera autoridad\nregional, quien expres\u00f3 que \u201canoche el Presidente Sebasti\u00e1n Pi\u00f1era dio a\nconocer la propuesta de mejoras a la Reforma de Pensiones, iniciativa que\nactualmente se encuentra en el Congreso Nacional. El Presidente dio 5 lineamientos muy importantes que van\na la m\u00e9dula del objetivo, que es poder mejorar las pensiones, teniendo como\nfoco las mujeres, los montos bajos por a\u00f1os en que no se ha podido cotizar y\npor falta de ahorro. Esperamos que esta iniciativa presidencial tenga la\nacogida necesaria en el parlamento para que otorgue r\u00e1pida soluci\u00f3n a un anhelo\nesperado por nuestros pensionados y adultos mayores\u201d.<\/p>\n\n\n\n<p>Como es sabido, la reforma a las\npensiones fue presentada originalmente en noviembre de 2028 y desde esa fecha\nha sufrido una serie de ajustes en el marco de la b\u00fasqueda de acuerdos para\navanzar en el perfeccionamiento del sistema previsional.<\/p>\n\n\n\n<p>En palabras de la Seremi del Trabajo,\nVictoria Cort\u00e9s, \u201ccreemos que, como Gobierno, se ha presentado una propuesta\ncontundente para mejorar las pensiones desde ahora que, tal como dec\u00eda el\nintendente (s), tiene 5 ejes fundamentales. En primer punto establece un mejoramiento\nal Pilar Solidario, ampliando su cobertura desde el 60% al 80% de la poblaci\u00f3n\nm\u00e1s vulnerable. En segundo lugar, es la creaci\u00f3n de un pilar contributivo, que\naumenta en 6 puntos porcentuales las actuales cotizaciones, con cargo al\nempleador y administradas por una agencia p\u00fablica\u201d. <\/p>\n\n\n\n<p>\u201cEl tercer eje dice relaci\u00f3n con el\nestablecimiento de una pensi\u00f3n m\u00ednima garantizada, lo que mejorar\u00e1 las pensiones\nsustantivamente. El cuarto eje se refiere a la creaci\u00f3n de un Seguro de\nDependencia y, por \u00faltimo, el quinto eje, tiene relaci\u00f3n con la reforma a las\nadministradoras de fondos de pensiones que, entre otras cosas, establece la\nposibilidad que, en el caso de aquellas AFP que tengan un a\u00f1o de ejercicio\ncomercial negativo, tengan la obligaci\u00f3n de devolver, al menos, un 20% de las\ncomisiones cobradas a los afiliados, tambi\u00e9n fija una mayor participaci\u00f3n de\nlos afiliados en la toma de decisiones de las AFP, entre otras\u201d, agreg\u00f3 la\nautoridad.<\/p>\n\n\n\n<p>Por su parte, la Seremi (s) de\nHacienda, Natalia Easton, expres\u00f3 que \u201cpara nuestro Gobierno es sumamente\nrelevante el poder avanzar r\u00e1pidamente en subir las pensiones de todos los\nchilenos. Esta iniciativa va en esa l\u00ednea y, por lo mismo, involucra un gasto\nfiscal important\u00edsimo. Para poder cumplir con este objetivo desde el d\u00eda uno,\ncuando se apruebe esta ley, vamos a tener que involucrar recursos fiscales por\n650 millones de d\u00f3lares, solamente en el primer a\u00f1o. Y desde el segundo a\u00f1o en\nadelante son 1.300 millones de d\u00f3lares, dando cuenta de la relevancia que el\nGobierno ha dado a esta materia, por lo cual, esperamos trabajar con capacidad\nde di\u00e1logo para que podamos sacar adelante cuanto antes este proyecto\u201d.<\/p>\n","protected":false},"excerpt":{"rendered":"<p>Las autoridades regionales, encabezadas por el intendente (s) de Magallanes, Alejandro V\u00e1squez, entregaron detalles sobre el anuncio realizado en Cadena Nacional por el Presidente de la Rep\u00fablica, Sebasti\u00e1n Pi\u00f1era, en&#8230; <a class=\"read-more\" href=\"https:\/\/www.radiopresidenteibanez.cl\/web\/autoridades-detallan-propuesta-de-reforma-de-pensiones-que-amplia-a-80-beneficios-del-pilar-solidario-y-fortalece-pilar-contributivo\/\">Leer m\u00e1s<\/a><\/p>\n","protected":false},"author":2,"featured_media":18991,"comment_status":"closed","ping_status":"closed","sticky":false,"template":"","format":"standard","meta":{"footnotes":""},"categories":[1],"tags":[],"class_list":["post-18990","post","type-post","status-publish","format-standard","has-post-thumbnail","hentry","category-cronica"],"_links":{"self":[{"href":"https:\/\/www.radiopresidenteibanez.cl\/web\/wp-json\/wp\/v2\/posts\/18990","targetHints":{"allow":["GET"]}}],"collection":[{"href":"https:\/\/www.radiopresidenteibanez.cl\/web\/wp-json\/wp\/v2\/posts"}],"about":[{"href":"https:\/\/www.radiopresidenteibanez.cl\/web\/wp-json\/wp\/v2\/types\/post"}],"author":[{"embeddable":true,"href":"https:\/\/www.radiopresidenteibanez.cl\/web\/wp-json\/wp\/v2\/users\/2"}],"replies":[{"embeddable":true,"href":"https:\/\/www.radiopresidenteibanez.cl\/web\/wp-json\/wp\/v2\/comments?post=18990"}],"version-history":[{"count":0,"href":"https:\/\/www.radiopresidenteibanez.cl\/web\/wp-json\/wp\/v2\/posts\/18990\/revisions"}],"wp:featuredmedia":[{"embeddable":true,"href":"https:\/\/www.radiopresidenteibanez.cl\/web\/wp-json\/wp\/v2\/media\/18991"}],"wp:attachment":[{"href":"https:\/\/www.radiopresidenteibanez.cl\/web\/wp-json\/wp\/v2\/media?parent=18990"}],"wp:term":[{"taxonomy":"category","embeddable":true,"href":"https:\/\/www.radiopresidenteibanez.cl\/web\/wp-json\/wp\/v2\/categories?post=18990"},{"taxonomy":"post_tag","embeddable":true,"href":"https:\/\/www.radiopresidenteibanez.cl\/web\/wp-json\/wp\/v2\/tags?post=18990"}],"curies":[{"name":"wp","href":"https:\/\/api.w.org\/{rel}","templated":true}]}}