{"id":18987,"date":"2021-03-05T03:15:00","date_gmt":"2021-03-05T03:15:00","guid":{"rendered":"https:\/\/www.radiopresidenteibanez.cl\/web\/?p=18987"},"modified":"2021-03-04T20:25:37","modified_gmt":"2021-03-04T20:25:37","slug":"destacando-labor-de-comunas-rurales-seremi-de-salud-visito-timaukel-para-inicio-de-vacunacion-de-segunda-dosis-contra-covid-19","status":"publish","type":"post","link":"https:\/\/www.radiopresidenteibanez.cl\/web\/destacando-labor-de-comunas-rurales-seremi-de-salud-visito-timaukel-para-inicio-de-vacunacion-de-segunda-dosis-contra-covid-19\/","title":{"rendered":"DESTACANDO LABOR DE COMUNAS RURALES, SEREMI DE SALUD VISIT\u00d3 TIMAUKEL PARA INICIO DE VACUNACI\u00d3N DE SEGUNDA DOSIS CONTRA COVID-19"},"content":{"rendered":"\n<p>Resaltando la importante labor de las\ncomunas rurales en el avance de la campa\u00f1a de vacunaci\u00f3n contra el Covid-19, y\ncomo una manera de llegar a todos los rincones del territorio regional, el\nSEREMI de Salud (S) Eduardo Castillo se traslad\u00f3 hasta Timaukel, al sur de\nTierra del Fuego, para participar del inicio de la administraci\u00f3n de la segunda\ndosis a la comunidad de esta localidad.<\/p>\n\n\n\n<p>Fue as\u00ed como la autoridad de salud,\nacompa\u00f1ado por la Gobernadora de la Provincia de Tierra del Fuego, Margarita\nNorambuena, y el alcalde de Timaukel, Marcos Martic, pudieron dialogar con la\nse\u00f1ora Mirna C\u00e1rdenas, Ra\u00fal Maimai y Manuel Subiabre, trabajadores de estancias\naleda\u00f1as a Villa Cameron, quienes fueron las 3 primeras personas de esta\nlocalidad en recibir la segunda dosis de la vacuna contra el coronavirus. Todos\nmanifestaron la importancia de esta inoculaci\u00f3n para sentirse m\u00e1s protegidos y\nenfrentar de mejor manera esta pandemia.<\/p>\n\n\n\n<p>La se\u00f1ora Mirna C\u00e1rdenas, quien\ntrabaja desde hace mas de 24 a\u00f1os en la estancia Florida, se manifest\u00f3\nagradecida por haber recibido la segunda dosis en la posta de salud de Villa Cameron\ny realiz\u00f3 el llamado a la comunidad a \u201cacudir a vacunarse, que no tengan miedo,\ny as\u00ed estar protegidos y no caer al hospital\u201d. <\/p>\n\n\n\n<p>El SEREMI Eduardo Castillo manifest\u00f3: \u201cQueremos\nreconocer el trabajo que han efectuado las municipalidades y las postas rurales\nen nuestra regi\u00f3n, que ha puesto a cinco de ellas entre las 10 primeras a nivel\nnacional de la cobertura alcanzada seg\u00fan su poblaci\u00f3n. Exige un compromiso y\ngran sacrificio. Largas distancias que hay no s\u00f3lo para llegar ac\u00e1, sino\ntambi\u00e9n, desde este punto hasta lugares lejanos, estancias para poder acceder a\nvacunar a las personas. Queremos agradecer este esfuerzo que ha hecho el equipo\nde salud y queremos motivar a todas las personas a que participen en la segunda\ndosis y tambi\u00e9n en todo el proceso de vacunaci\u00f3n, seg\u00fan el grupo etario que les\ncorresponde\u201d.<\/p>\n\n\n\n<p>El alcalde de Timaukel, Marcos Martic,\nindic\u00f3 que \u201cestamos en nuestra renovada Posta Rural, junto al SEREMI Eduardo\nCastillo y a la Gobernadora de Tierra del Fuego. Agradecemos el esfuerzo que se\nha hecho en llegar hasta esta comuna, por el trabajo, al igual que por la\nentrega del equipo de salud de esta localidad para llevar a cabo esta campa\u00f1a y\ncon unas ganas enormes de poder trabajar con la comunidad. Timaukel es un\nterritorio vasto, que ha sido dif\u00edcil de abarcar, pero que no ha tenido\nproblemas en llegar a todos los lugares para poder entregar este importante\ninsumo para cuidar a nuestra gente, nuestras familias, adultos mayores cr\u00f3nicos\ny a todas las personas que deben inocularse acuerdo con en el calendario, para\npoder recibir esta vacuna\u201d.<\/p>\n\n\n\n<p>La autoridad comunal realiz\u00f3 un\nllamado a la comunidad y reforz\u00f3 el mensaje que \u00abindependiente de los\nlugares geogr\u00e1ficos que tenemos, hay un equipo comprometido y sobre todo cuando\nhay personal de salud que tiene la visi\u00f3n y la vocaci\u00f3n para servir, por lo que\nse pueden lograr estas metas. Como Timaukel en unos d\u00edas m\u00e1s, al cumplir el\n100% de vacunaci\u00f3n, va a ser una comuna segura que va a estar cuidando a sus\nfamilias y ni\u00f1os\u201d.<\/p>\n\n\n\n<p>La Gobernadora de Tierra del Fuego,\nMargarita Norambuena, se\u00f1al\u00f3: \u201cMe parece tremendamente importante que un d\u00eda\ncomo el d\u00eda 3 marzo, en el cual se inicia la segunda dosis, sea descentralizado\ny ac\u00e1 en una comunidad rural a junto a nuestro SEREMI. La verdad que quiero\ndestacar todo el trabajo que se ha hecho en la regi\u00f3n y lo que se ha logrado en\nlas comunas rurales. Hoy estamos ac\u00e1, las personas han llegado de manera\nordenada y disciplinada, a pesar de la distancia ya que esta es una comuna\nrural muy grande, 12 mil kil\u00f3metros cuadrados, ha sido posible llevar a cabo\nuna vacunaci\u00f3n, en la cual las personas han respondido al llamado a este plan\nde vacunaci\u00f3n. Estamos muy orgullosos de esto\u201d.<\/p>\n","protected":false},"excerpt":{"rendered":"<p>Resaltando la importante labor de las comunas rurales en el avance de la campa\u00f1a de vacunaci\u00f3n contra el Covid-19, y como una manera de llegar a todos los rincones del&#8230; <a class=\"read-more\" href=\"https:\/\/www.radiopresidenteibanez.cl\/web\/destacando-labor-de-comunas-rurales-seremi-de-salud-visito-timaukel-para-inicio-de-vacunacion-de-segunda-dosis-contra-covid-19\/\">Leer m\u00e1s<\/a><\/p>\n","protected":false},"author":2,"featured_media":18988,"comment_status":"closed","ping_status":"closed","sticky":false,"template":"","format":"standard","meta":{"footnotes":""},"categories":[1],"tags":[],"class_list":["post-18987","post","type-post","status-publish","format-standard","has-post-thumbnail","hentry","category-cronica"],"_links":{"self":[{"href":"https:\/\/www.radiopresidenteibanez.cl\/web\/wp-json\/wp\/v2\/posts\/18987","targetHints":{"allow":["GET"]}}],"collection":[{"href":"https:\/\/www.radiopresidenteibanez.cl\/web\/wp-json\/wp\/v2\/posts"}],"about":[{"href":"https:\/\/www.radiopresidenteibanez.cl\/web\/wp-json\/wp\/v2\/types\/post"}],"author":[{"embeddable":true,"href":"https:\/\/www.radiopresidenteibanez.cl\/web\/wp-json\/wp\/v2\/users\/2"}],"replies":[{"embeddable":true,"href":"https:\/\/www.radiopresidenteibanez.cl\/web\/wp-json\/wp\/v2\/comments?post=18987"}],"version-history":[{"count":0,"href":"https:\/\/www.radiopresidenteibanez.cl\/web\/wp-json\/wp\/v2\/posts\/18987\/revisions"}],"wp:featuredmedia":[{"embeddable":true,"href":"https:\/\/www.radiopresidenteibanez.cl\/web\/wp-json\/wp\/v2\/media\/18988"}],"wp:attachment":[{"href":"https:\/\/www.radiopresidenteibanez.cl\/web\/wp-json\/wp\/v2\/media?parent=18987"}],"wp:term":[{"taxonomy":"category","embeddable":true,"href":"https:\/\/www.radiopresidenteibanez.cl\/web\/wp-json\/wp\/v2\/categories?post=18987"},{"taxonomy":"post_tag","embeddable":true,"href":"https:\/\/www.radiopresidenteibanez.cl\/web\/wp-json\/wp\/v2\/tags?post=18987"}],"curies":[{"name":"wp","href":"https:\/\/api.w.org\/{rel}","templated":true}]}}