{"id":18984,"date":"2021-03-05T03:00:00","date_gmt":"2021-03-05T03:00:00","guid":{"rendered":"https:\/\/www.radiopresidenteibanez.cl\/web\/?p=18984"},"modified":"2021-03-04T20:23:23","modified_gmt":"2021-03-04T20:23:23","slug":"mas-de-5-mil-personas-fueron-testigos-del-compromiso-con-programas-municipales-de-cannabis-medicinal-de-candidatas-y-candidatos-a-veinte-alcaldias-del-pais","status":"publish","type":"post","link":"https:\/\/www.radiopresidenteibanez.cl\/web\/mas-de-5-mil-personas-fueron-testigos-del-compromiso-con-programas-municipales-de-cannabis-medicinal-de-candidatas-y-candidatos-a-veinte-alcaldias-del-pais\/","title":{"rendered":"M\u00c1S DE 5 MIL PERSONAS FUERON TESTIGOS DEL COMPROMISO CON PROGRAMAS MUNICIPALES DE CANNABIS MEDICINAL DE CANDIDATAS Y CANDIDATOS A VEINTE ALCALD\u00cdAS DEL PA\u00cdS"},"content":{"rendered":"\n<p>El \u200bPrimer Foro De Candidatas y Candidatos a Alcald\u00edas&nbsp;Comprometidas Con Programas De Cannabis Medicinal \u200b, organizado por Fundaci\u00f3n Daya y&nbsp;Mam\u00e1 Cultiva, reuni\u00f3 a 20 postulantes al sill\u00f3n edilicio de distintas comunas, que&nbsp;implementar\u00e1n iniciativas por la defensa de los usuarios de cannabis y la democratizaci\u00f3n del acceso a tratamientos en base a \u00e9sta planta medicinal, una vez electos.&nbsp;<br>&nbsp;<\/p>\n\n\n\n<p>Con miras a las elecciones de abril, la actividad comenz\u00f3 con una breve exposici\u00f3n de la Directora Ejecutiva de Fundaci\u00f3n Daya, \u200bAna Mar\u00eda Gazmuri \u200b, estableciendo un contexto de la realidad del uso medicinal del cannabis en Chile y el mundo. Enfatiz\u00f3 la alarmante alza en la persecuci\u00f3n de usuarios y la necesidad urgente de despachar la Ley Cultivo Seguro, detenida en el Senado desde marzo del el 2019.&nbsp;<\/p>\n\n\n\n<p>\u00abSimilar a lo que pas\u00f3 en EEUU que fueron los Estados quienes se fueron adelantando en generar sus propias normativas y protecciones hacia los pacientes, ac\u00e1 estamos convencidos tambi\u00e9n de que los gobiernos locales juegan un important\u00edsimo rol en la promoci\u00f3n de la salud de su comunidad con el uso medicinal del cannabis. Todos los candidatos presentes est\u00e1n comprometidos con desarrollar una propuesta de cannabis medicinal, sabemos que si llegan a ser electos lo van a cumplir. As\u00ed que nos llena de esperanza\u00bb, dijo la fundadora de Daya, Ana Mar\u00eda Gazmuri.<br><br>La salud es un derecho, y este derecho debe contemplar todas las alternativas terap\u00e9uticas, en la l\u00ednea de mejorar la calidad de vida de todas las personas. Cada candidato explic\u00f3 c\u00f3mo proyectaba abordar en su gobierno local esta tem\u00e1tica tan urgente.<br><br>El abogado \u200bRoberto Neira \u200b, candidato a la alcald\u00eda de Temuco (PPD con apoyo de Unidad Constituyente, Partido Liberal y Partido Humanista), se\u00f1al\u00f3 \u201ctengo un compromiso serio de parte de mi candidatura, conozco de cerca los beneficios del cannabis as\u00ed que me interesa capacitar a mis m\u00e9dicos asesores para desarrollar un programa integral\u201d.<br><br>Por su parte, el alcalde \u200bRichard Godoy \u200b(Bloque Unidad Constituyente, DC), de Pozo Almonte, quien va por la reelecci\u00f3n, ya ha avanzado en el tema en su comuna. \u201cYa tenemos m\u00e9dicos capacitados para prescribir cannabis y estamos ad-portas de abrir un centro de rehabilitaci\u00f3n de drogas y nos ponemos a disposici\u00f3n para hacer un piloto en reducci\u00f3n de da\u00f1os con cannabis como tratamiento. Una buena acci\u00f3n de pol\u00edtica p\u00fablica comunal, cambia la calidad de vida\u201d, dijo.<br><br>Desde Vi\u00f1a del Mar, \u200bPaula Arriagada \u200b(Independiente), promete una Fiscal\u00eda Popular para\u00a0 la defensa de usuarios medicinales criminalizados. As\u00ed como incorporar el cannabis en las farmacias populares. \u201cTengo una conexi\u00f3n y un compromiso con este tema, el que plasmaremos en nuestro programa\u201d, asegur\u00f3 la abogada, quien ha sido colaboradora de Fundaci\u00f3n Daya.<br><br>En \u200bQuilpu\u00e9, comuna que ya ha iniciado programas de cannabis medicinal, el candidato C\u00e9sar Torres (Pacto Chile Digno, Verde y Soberano, PC) pretende profundizar esta l\u00ednea, afirmando que tiene un compromiso amplio y profundo en impulsar esta pol\u00edtica desde la base popular, \u201cDebemos hacer un cambio sustantivo y estructural en un trabajo en conjunto con Fundaci\u00f3n Daya Quilpu\u00e9\u201d. Esta comuna ha sido especialmente golpeada por la criminalizaci\u00f3n de las y los usuarias medicinales.<br><br>En otra l\u00ednea, Francisca Bello \u200b, de San Felipe (FA), propuso impulsar una industria del c\u00e1\u00f1amo,, industria que floreci\u00f3 hasta la d\u00e9cada de los sesenta precisamente en la zona de San Felipe y Los Andes, adem\u00e1s de impulsar el uso terap\u00e9utico del cannabis.<br><br>Adem\u00e1s, \u200bDaniel Moraga \u200b(Pacto Chile Digno, Verde y Soberano, PC) postulante a liderar Pe\u00f1alol\u00e9n se\u00f1al\u00f3 que \u201cEl modelo de salud en el que estamos inmersos nos plantea una farmacologizaci\u00f3n excesiva&#8230;El rol de la Salud Primaria o municipal tiene que ver con asegurar el derecho a la salud desde la perspectiva que cada uno de los vecinos tengan la posibilidad de acceder a cada uno de los elementos que permitan conservar, mantener o prevenir los riesgos de salud y desde mi perspectiva deben ponerse todos los elementos que cumplan ese rol donde no solo tenemos a la cannabis sino otras terapias tradicionales\u201d.<br><br>En la Regi\u00f3n Metropolitana, la Presidenta de Mam\u00e1 Cultiva y candidata a alcaldesa por Quilicura, \u200bPaulina Bobadilla \u200b(Independiente), con a\u00f1os de experiencia en el tema, se enfocar\u00e1 en la protecci\u00f3n a las familias cultivadoras. Emplaz\u00f3 tambi\u00e9n a la senadora Carolina Goic (DC), a poner en tabla el proyecto Ley Cultivo Seguro, detenido en la Comisi\u00f3n de Salud que preside. Por otra parte, Paulina Bobadilla se comprometi\u00f3 a continuar con el Programa de Cannabis Medicinal mediante la Farmacia Comunal.<br><br>Desde \u00d1u\u00f1oa, \u200bAlejandra Placencia (Pacto Chile Digno, Verde y Soberano, PC) promete fortalecer la pol\u00edtica p\u00fablica desde los territorios para una salud digna. Tambi\u00e9n que los pacientes puedan acceder a tratamiento con cannabis a un precio justo.<br><br>Giordano Delpin \u200b(RD), postulante a la alcald\u00eda de Lampa, present\u00f3 un completo plan para fomentar el uso medicinal de cannabis, proteger a los usuarios medicinales y que la Municipalidad incluya una Unidad de Terapias Complementarias.<br><br>Por San Bernardo, \u200bWladimir Bolton (Pacto Chile Digno, Verde y Soberano, PC) hizo un compromiso transversal con el Cannabis Medicinal y el empoderamiento de las comunidades.\u00a0 Juan Pablo Sanhueza \u200b(FA), de Quinta Normal, se centrar\u00e1 en el \u201cempoderamiento de las personas, queremos empadronar a los usuarios medicinales de la comuna para protegerlos de una forma integral\u201d.<br><br>La candidata por Santiago, \u200bIrac\u00ed Hassler (Alcald\u00eda Constituyente), se compromete trabajaren pos de eliminar el estigma de pacientes, y avanzar en farmacias populares para el acceso al cannabis medicinal. \u201cEsto es parte de la lucha por nuestros derechos sociales\u201d, dijo.<br><br>A presionar por la Ley Cultivo Seguro, se comprometi\u00f3 la candidata por Las Condes, Marcela Cubillos \u200b(Pacto Chile Digno, Verde y Soberano, PC). Incluir\u00e1 en la farmacia comunitaria el cannabis y trabajar\u00e1 por la protecci\u00f3n de los cultivadores. \u201cEl derecho a la salud y a la vida es un derecho humano\u201d.<br><br>En la Sexta Regi\u00f3n, Mario G\u00e1lvez por Quinta de Tilcoco (Independiente) quiere implementar un programa piloto en su comunidad, ya se ha reunido con Fundaci\u00f3n Daya y ahora pretende concretar. En Graneros, el alcalde \u200bClaudio Segovia \u200b(Independiente) va por el tercer periodo, siendo uno de los alcaldes pioneros en su regi\u00f3n, ya ha implementado un programa de cannabis medicinal en su comuna y busca expandir estas iniciativas.<br><br>A \u200bJoaqu\u00edn Valenzuela por Codegua (Independiente), le interesa que la poblaci\u00f3n m\u00e1s vulnerable de su comuna pueda acceder a tratamientos con cannabis ante los precios prohibitivos de la v\u00eda farmac\u00e9utica. \u201cMe comprometo a apoyar una regulaci\u00f3n del cannabis, en mi gesti\u00f3n ser\u00e1 parte de las alternativas terap\u00e9uticas\u201d.<br><br>M\u00e1s al sur, Rodrigo Sep\u00falveda por Talca (Independiente apoyado por Unidad Constituyente), asegur\u00f3 que luchar\u00e1 por el fin de la criminalizaci\u00f3n. \u201cPrometo tener una oficina municipal de defensa ciudadana para terminar con estos abusos, que vienen desde el Estado\u201d. En referencia a \u200bSebasti\u00e1n \u200b, un paciente de Fundaci\u00f3n Daya allanado el lunes y quien permanece en prisi\u00f3n preventiva por cultivar tres plantas para tratar su glaucoma, con su respectiva receta m\u00e9dica.<br><br>En la Regi\u00f3n de la Araucan\u00eda, Guillermo Jaramillo \u200b, Lautaro (Independiente apoyado por el Partido Humanista) buscar\u00e1 fortalecer la salud primaria, la farmacia popular y ejecutar una iniciativa para facilitar el acceso a este tratamiento.<br><br>Mientras,\u00a0<strong>Arturo D\u00edaz<\/strong>\u00a0enfermero \u200bdel SAMU, desde Punta Arenas (DC, Pacto Unidad Constituyente), ha visto en primera persona el sufrimiento de los enfermos, propone capacitar al personal de la salud de los Cesfam, fomentar cultivos colectivos con apoyo econ\u00f3mico, y potenciar la defensa jur\u00eddica. El postulante por Chile Chico, \u200bRicardo Ibarra (DC, Candidato Pacto Unidad Constituyente), tuvo problemas de conexi\u00f3n por lo que participar\u00e1 en un segundo foro junto a nuevos candidatos.<br><br>La actividad transmitida en vivo por YouTube Live y las redes sociales de\u00a0<a rel=\"noreferrer noopener\" href=\"https:\/\/www.aldiachile.cl\/\" target=\"_blank\">www.aldiachile.cl<\/a>\u00a0tuvo una audiencia de m\u00e1s de 5 mil personas. Fundaci\u00f3n Daya continuar\u00e1 con el ciclo de conversatorios en torno al Cannabis y desde ya prepara el segundo foro de candidatos a alcaldes, ante el amplio inter\u00e9s en implementar programas municipales de ser electos<\/p>\n","protected":false},"excerpt":{"rendered":"<p>El \u200bPrimer Foro De Candidatas y Candidatos a Alcald\u00edas&nbsp;Comprometidas Con Programas De Cannabis Medicinal \u200b, organizado por Fundaci\u00f3n Daya y&nbsp;Mam\u00e1 Cultiva, reuni\u00f3 a 20 postulantes al sill\u00f3n edilicio de distintas&#8230; <a class=\"read-more\" href=\"https:\/\/www.radiopresidenteibanez.cl\/web\/mas-de-5-mil-personas-fueron-testigos-del-compromiso-con-programas-municipales-de-cannabis-medicinal-de-candidatas-y-candidatos-a-veinte-alcaldias-del-pais\/\">Leer m\u00e1s<\/a><\/p>\n","protected":false},"author":2,"featured_media":18985,"comment_status":"closed","ping_status":"closed","sticky":false,"template":"","format":"standard","meta":{"footnotes":""},"categories":[1],"tags":[],"class_list":["post-18984","post","type-post","status-publish","format-standard","has-post-thumbnail","hentry","category-cronica"],"_links":{"self":[{"href":"https:\/\/www.radiopresidenteibanez.cl\/web\/wp-json\/wp\/v2\/posts\/18984","targetHints":{"allow":["GET"]}}],"collection":[{"href":"https:\/\/www.radiopresidenteibanez.cl\/web\/wp-json\/wp\/v2\/posts"}],"about":[{"href":"https:\/\/www.radiopresidenteibanez.cl\/web\/wp-json\/wp\/v2\/types\/post"}],"author":[{"embeddable":true,"href":"https:\/\/www.radiopresidenteibanez.cl\/web\/wp-json\/wp\/v2\/users\/2"}],"replies":[{"embeddable":true,"href":"https:\/\/www.radiopresidenteibanez.cl\/web\/wp-json\/wp\/v2\/comments?post=18984"}],"version-history":[{"count":0,"href":"https:\/\/www.radiopresidenteibanez.cl\/web\/wp-json\/wp\/v2\/posts\/18984\/revisions"}],"wp:featuredmedia":[{"embeddable":true,"href":"https:\/\/www.radiopresidenteibanez.cl\/web\/wp-json\/wp\/v2\/media\/18985"}],"wp:attachment":[{"href":"https:\/\/www.radiopresidenteibanez.cl\/web\/wp-json\/wp\/v2\/media?parent=18984"}],"wp:term":[{"taxonomy":"category","embeddable":true,"href":"https:\/\/www.radiopresidenteibanez.cl\/web\/wp-json\/wp\/v2\/categories?post=18984"},{"taxonomy":"post_tag","embeddable":true,"href":"https:\/\/www.radiopresidenteibanez.cl\/web\/wp-json\/wp\/v2\/tags?post=18984"}],"curies":[{"name":"wp","href":"https:\/\/api.w.org\/{rel}","templated":true}]}}