{"id":18981,"date":"2021-03-05T02:45:00","date_gmt":"2021-03-05T02:45:00","guid":{"rendered":"https:\/\/www.radiopresidenteibanez.cl\/web\/?p=18981"},"modified":"2021-03-04T20:19:42","modified_gmt":"2021-03-04T20:19:42","slug":"ministro-ward-anuncia-aumento-en-construccion-de-viviendas-para-magallanes-gestion-superara-las-5-600-entre-2018-y-2021","status":"publish","type":"post","link":"https:\/\/www.radiopresidenteibanez.cl\/web\/ministro-ward-anuncia-aumento-en-construccion-de-viviendas-para-magallanes-gestion-superara-las-5-600-entre-2018-y-2021\/","title":{"rendered":"MINISTRO WARD ANUNCIA AUMENTO EN CONSTRUCCI\u00d3N DE VIVIENDAS PARA MAGALLANES: GESTI\u00d3N SUPERAR\u00c1 LAS 5.600 ENTRE 2018 Y 2021"},"content":{"rendered":"\n<p>En el marco de la colocaci\u00f3n de la primera piedra de los loteos Monte Aymond, Monte Sarmiento y Monte Fenton, en Punta Arenas, el ministro de Vivienda y Urbanismo, Felipe Ward, anunci\u00f3 un aumento en la gesti\u00f3n habitacional hasta 5.622 viviendas para la regi\u00f3n de Magallanes, durante el gobierno del Presidente Sebasti\u00e1n Pi\u00f1era. En detalle, se han entregado 2.888 viviendas, hay 1.102 en ejecuci\u00f3n, mientras que 1.632 iniciar\u00e1n obras pr\u00f3ximamente.<\/p>\n\n\n\n<p>Sobre esto, el titular de la cartera asegur\u00f3 que \u201ccuando se producen programas de gobierno, cuando hay una meta que cumplir al inicio de cada gobierno, uno se obliga con esa cifra y pandemia m\u00e1s, pandemia menos, verdaderamente es muy sorprendente constatar que, a un a\u00f1o de terminar el gobierno, que a\u00fan est\u00e1 vigente y al que le quedan 12 meses, ya cumplimos y sobrepasamos la meta a nivel regional de las 4.100 soluciones habitacionales que propuso y ofreci\u00f3 el Presidente de la Rep\u00fablica cuando inici\u00f3 el gobierno\u201d. El ministro agreg\u00f3 que \u201cestas 5.622 dan cuenta de buenas noticias, son soluciones habitacionales ya entregadas, construy\u00e9ndose, o con subsidios asignados. A eso se va a sumar lo que logremos iniciar el 2021 y eso habla de buenas gestiones a nivel regional\u201d.<\/p>\n\n\n\n<p>Esta actividad fue realizada junto al intendente (s) de Magallanes, Alejandro V\u00e1squez, el alcalde de Punta Arenas, Claudio Radonich, y dirigentes de los loteos Monte Aymond, Monte Sarmiento y Monte Fenton, quienes participaron del hito de inicio de obras del conjunto habitacional que albergar\u00e1 232 familias y tambi\u00e9n contempla la urbanizaci\u00f3n del terreno y la construcci\u00f3n de la Avenida Dalcahue para conectarla con la prolongaci\u00f3n de calle Manuel Rodr\u00edguez.<\/p>\n\n\n\n<p>El Intendente (s) Alejandro V\u00e1squez se mostr\u00f3 \u201cfeliz de haber participado hoy d\u00eda en esta colocaci\u00f3n de la primera piedra, e impresionado tambi\u00e9n por la cantidad de soluciones habitacionales que se han entregado en el Gobierno actual, que ya, como se dec\u00eda ac\u00e1, son m\u00e1s de 5.622 soluciones. Lo otro tambi\u00e9n que me impresiona es la calidad de las viviendas, ayer tuve la oportunidad de estar en Puerto Natales tambi\u00e9n, hoy d\u00eda ac\u00e1, y he visto que realmente los metros cuadrados que se est\u00e1n entregando y la calidad es bastante importante. As\u00ed que tambi\u00e9n me pongo en el lugar de los vecinos que est\u00e1n dando cumplimiento a este sue\u00f1o tan anhelado que es de la familia chilena, que es tener su casa propia\u201d.<\/p>\n\n\n\n<p>Por otro lado, el alcalde de Punta Arenas, Claudio Radonich, declar\u00f3 que \u201cel a\u00f1o 2017 se entregaron en nuestra ciudad solamente 250 subsidios, el a\u00f1o 2020 mil doscientos subsidios. Hoy estamos en obra con mil cien casas en Punta Arenas, viviendas sociales para familias de esfuerzo. Eso marca la diferencia, hay un trabajo en conjunto con la municipalidad, con Serviu, con el Minvu, con el Consejo Regional. Cuando estamos todos aliados, \u00bfqui\u00e9n gana?, son estas familias que est\u00e1n viendo c\u00f3mo sus casas se hacen. Porque estamos aqu\u00ed en la primera piedra, pero a 100 metros, ya estamos construyendo 200 viviendas m\u00e1s. Por tanto, esto no para y la idea es justamente que este v\u00ednculo virtuoso que hemos logrado con el ministro, se mantenga\u201d.<\/p>\n\n\n\n<p>El proyecto implica una inversi\u00f3n de 15 mil millones de pesos, siendo la principal obra en ejecuci\u00f3n del Plan Paso a Paso Chile se Recupera en la regi\u00f3n. Se trata de un conjunto de condominios, de cuatro edificios con 80 departamentos que corresponden al Loteo Monte Aymond, y 19 cuadripareos con 152 departamentos que conformar\u00e1n los loteos Monte Fenton y Monte Sarmiento.<\/p>\n\n\n\n<p>Posteriormente, el ministro Ward hizo entrega del certificado de subsidio habitacional Fondo Solidario de Elecci\u00f3n de Vivienda (DS49) a los presidentes de las agrupaciones Estepa Austral 1, Weche Pepiukelen y Tierra Austral 1, quienes recientemente obtuvieron la calificaci\u00f3n de sus proyectos habitacionales, los que beneficiar\u00e1n en total a 273 familias. Con esta asignaci\u00f3n de subsidios, se concreta la superaci\u00f3n de la meta presidencial.<\/p>\n","protected":false},"excerpt":{"rendered":"<p>En el marco de la colocaci\u00f3n de la primera piedra de los loteos Monte Aymond, Monte Sarmiento y Monte Fenton, en Punta Arenas, el ministro de Vivienda y Urbanismo, Felipe&#8230; <a class=\"read-more\" href=\"https:\/\/www.radiopresidenteibanez.cl\/web\/ministro-ward-anuncia-aumento-en-construccion-de-viviendas-para-magallanes-gestion-superara-las-5-600-entre-2018-y-2021\/\">Leer m\u00e1s<\/a><\/p>\n","protected":false},"author":2,"featured_media":18982,"comment_status":"closed","ping_status":"closed","sticky":false,"template":"","format":"standard","meta":{"footnotes":""},"categories":[1],"tags":[],"class_list":["post-18981","post","type-post","status-publish","format-standard","has-post-thumbnail","hentry","category-cronica"],"_links":{"self":[{"href":"https:\/\/www.radiopresidenteibanez.cl\/web\/wp-json\/wp\/v2\/posts\/18981","targetHints":{"allow":["GET"]}}],"collection":[{"href":"https:\/\/www.radiopresidenteibanez.cl\/web\/wp-json\/wp\/v2\/posts"}],"about":[{"href":"https:\/\/www.radiopresidenteibanez.cl\/web\/wp-json\/wp\/v2\/types\/post"}],"author":[{"embeddable":true,"href":"https:\/\/www.radiopresidenteibanez.cl\/web\/wp-json\/wp\/v2\/users\/2"}],"replies":[{"embeddable":true,"href":"https:\/\/www.radiopresidenteibanez.cl\/web\/wp-json\/wp\/v2\/comments?post=18981"}],"version-history":[{"count":0,"href":"https:\/\/www.radiopresidenteibanez.cl\/web\/wp-json\/wp\/v2\/posts\/18981\/revisions"}],"wp:featuredmedia":[{"embeddable":true,"href":"https:\/\/www.radiopresidenteibanez.cl\/web\/wp-json\/wp\/v2\/media\/18982"}],"wp:attachment":[{"href":"https:\/\/www.radiopresidenteibanez.cl\/web\/wp-json\/wp\/v2\/media?parent=18981"}],"wp:term":[{"taxonomy":"category","embeddable":true,"href":"https:\/\/www.radiopresidenteibanez.cl\/web\/wp-json\/wp\/v2\/categories?post=18981"},{"taxonomy":"post_tag","embeddable":true,"href":"https:\/\/www.radiopresidenteibanez.cl\/web\/wp-json\/wp\/v2\/tags?post=18981"}],"curies":[{"name":"wp","href":"https:\/\/api.w.org\/{rel}","templated":true}]}}