{"id":18976,"date":"2021-03-05T02:14:00","date_gmt":"2021-03-05T02:14:00","guid":{"rendered":"https:\/\/www.radiopresidenteibanez.cl\/web\/?p=18976"},"modified":"2021-03-04T20:15:51","modified_gmt":"2021-03-04T20:15:51","slug":"funcionarios-del-hospital-de-natales-acceden-a-segunda-dosis-de-vacuna-contra-el-covid-19","status":"publish","type":"post","link":"https:\/\/www.radiopresidenteibanez.cl\/web\/funcionarios-del-hospital-de-natales-acceden-a-segunda-dosis-de-vacuna-contra-el-covid-19\/","title":{"rendered":"FUNCIONARIOS DEL HOSPITAL DE NATALES ACCEDEN A SEGUNDA DOSIS DE VACUNA CONTRA EL COVID-19"},"content":{"rendered":"\n<p>Este 3 y 4 de marzo el recinto de salud de medina\ncomplejidad de la Provincia de \u00daltima Esperanza, y tras la llegada de nuevas dosis\npara la comuna, desarroll\u00f3 la vacunaci\u00f3n del personal de salud del\nHospital de Natales con la segunda dosis. El proceso que le permiti\u00f3 a auxiliares,\nadministrativos, t\u00e9cnicos y profesionales completar el esquema de inoculaci\u00f3n\nde COVID-19.<\/p>\n\n\n\n<p>La jornada fue\ncatalogada como todo un \u00e9xito, por el director(s) del Hospital Dr. Augusto\nEssmann Burgos, Dr. Thom\u00e1s Gallardo, \u201cTal como lo estipulan los protocolos,\nesta semana iniciamos la inoculaci\u00f3n de nuestro personal con la segunda dosis\nde la vacuna contra el Coronavirus, completando as\u00ed el esquema. Como instituci\u00f3n\nnos alegramos, porque completar el esquema de vacunaci\u00f3n entrega tranquilidad a\nnuestro personal, quienes siguen enfrentando la contigencia sanitaria en contacto\ndirecto y constante con el virus\u201d, se\u00f1al\u00f3 el Directivo. <\/p>\n\n\n\n<p>En tanto, la\nenfermera supervisora del CAE, Mar\u00eda Paz Cacabelos, explic\u00f3 que se organiz\u00f3 un\ncalendario de vacunaci\u00f3n, quien se\u00f1al\u00f3: \u201cplanificamos el proceso citando a los\ndistintos servicios en horarios establecidos, calendario que fue difundido al\ninterior del recinto. La programaci\u00f3n realizada fue muy ambiciosa, porque\nvacunamos, en dos d\u00edas, a casi la totalidad el personal, con el objetivo de\nasegurar que r\u00e1pidamente nuestros compa\u00f1eros de labores accedan a la inoculaci\u00f3n\ncontra esta contagiosa patolog\u00eda\u201d.<\/p>\n\n\n\n<p>Tal como el\nQu\u00edmico Farmac\u00e9utico, Jos\u00e9 Miranda, se\u00f1al\u00f3 la vacuna brinda tranquilidad al\npersonal, \u201ccomo funcionarios acceder a la segunda dosis, nos otorga\ntranquilidad para seguir realizando nuestro trabajo, porque gracias la inoculaci\u00f3n\ntenemos certeza que ya no corremos el riesgo de enfermar de gravedad o fallecer\nde esta patolog\u00eda respiratoria\u201d. <\/p>\n\n\n\n<p>Por \u00faltimo, tanto\nla Direcci\u00f3n como los funcionarios del Hospital de Natales hicieron un llamado\na la comunidad a participar del proceso de vacunaci\u00f3n masivo que est\u00e1 a cargo\ndel CESFAM Juan Enrique Lozic. &nbsp;&nbsp;&nbsp;<\/p>\n","protected":false},"excerpt":{"rendered":"<p>Este 3 y 4 de marzo el recinto de salud de medina complejidad de la Provincia de \u00daltima Esperanza, y tras la llegada de nuevas dosis para la comuna, desarroll\u00f3&#8230; <a class=\"read-more\" href=\"https:\/\/www.radiopresidenteibanez.cl\/web\/funcionarios-del-hospital-de-natales-acceden-a-segunda-dosis-de-vacuna-contra-el-covid-19\/\">Leer m\u00e1s<\/a><\/p>\n","protected":false},"author":2,"featured_media":18977,"comment_status":"closed","ping_status":"closed","sticky":false,"template":"","format":"standard","meta":{"footnotes":""},"categories":[1],"tags":[],"class_list":["post-18976","post","type-post","status-publish","format-standard","has-post-thumbnail","hentry","category-cronica"],"_links":{"self":[{"href":"https:\/\/www.radiopresidenteibanez.cl\/web\/wp-json\/wp\/v2\/posts\/18976","targetHints":{"allow":["GET"]}}],"collection":[{"href":"https:\/\/www.radiopresidenteibanez.cl\/web\/wp-json\/wp\/v2\/posts"}],"about":[{"href":"https:\/\/www.radiopresidenteibanez.cl\/web\/wp-json\/wp\/v2\/types\/post"}],"author":[{"embeddable":true,"href":"https:\/\/www.radiopresidenteibanez.cl\/web\/wp-json\/wp\/v2\/users\/2"}],"replies":[{"embeddable":true,"href":"https:\/\/www.radiopresidenteibanez.cl\/web\/wp-json\/wp\/v2\/comments?post=18976"}],"version-history":[{"count":0,"href":"https:\/\/www.radiopresidenteibanez.cl\/web\/wp-json\/wp\/v2\/posts\/18976\/revisions"}],"wp:featuredmedia":[{"embeddable":true,"href":"https:\/\/www.radiopresidenteibanez.cl\/web\/wp-json\/wp\/v2\/media\/18977"}],"wp:attachment":[{"href":"https:\/\/www.radiopresidenteibanez.cl\/web\/wp-json\/wp\/v2\/media?parent=18976"}],"wp:term":[{"taxonomy":"category","embeddable":true,"href":"https:\/\/www.radiopresidenteibanez.cl\/web\/wp-json\/wp\/v2\/categories?post=18976"},{"taxonomy":"post_tag","embeddable":true,"href":"https:\/\/www.radiopresidenteibanez.cl\/web\/wp-json\/wp\/v2\/tags?post=18976"}],"curies":[{"name":"wp","href":"https:\/\/api.w.org\/{rel}","templated":true}]}}