{"id":18973,"date":"2021-03-05T02:00:00","date_gmt":"2021-03-05T02:00:00","guid":{"rendered":"https:\/\/www.radiopresidenteibanez.cl\/web\/?p=18973"},"modified":"2021-03-04T20:13:08","modified_gmt":"2021-03-04T20:13:08","slug":"postulaciones-al-fondo-de-medios-de-comunicacion-social-se-encuentran-abiertas-hasta-el-31-de-marzo","status":"publish","type":"post","link":"https:\/\/www.radiopresidenteibanez.cl\/web\/postulaciones-al-fondo-de-medios-de-comunicacion-social-se-encuentran-abiertas-hasta-el-31-de-marzo\/","title":{"rendered":"POSTULACIONES AL FONDO DE MEDIOS DE COMUNICACI\u00d3N  SOCIAL SE ENCUENTRAN ABIERTAS HASTA EL 31 DE MARZO"},"content":{"rendered":"\n<p>En la provincia de \u00daltima Esperanza la seremi de Gobierno,\nAlejandra Mu\u00f1oz Quiroz junto a la gobernadora Ericka Far\u00edas, realizaron el\nlanzamiento del concurso de Fondo de Medios de Comunicaci\u00f3n Social 2021, que\na\u00f1o a a\u00f1o impulsa el ministerio Secretaria General de Gobierno a trav\u00e9s de las\nsecretarias regionales.<\/p>\n\n\n\n<p>En la oportunidad, las autoridades destacaron que, para este\na\u00f1o, el presupuesto total para el Fondo de Medios en la regi\u00f3n considera una\nasignaci\u00f3n de recursos por $93.617.084.<\/p>\n\n\n\n<p>Las postulaciones se extender\u00e1n hasta el mi\u00e9rcoles 31 de\nmarzo y consideran recursos para prensa escrita y televisi\u00f3n ($3.500.000),\nradiodifusi\u00f3n ($3.800.000), televisi\u00f3n se\u00f1al abierta o por cable, medios\nelectr\u00f3nicos ($2.500.000) y radios comunitarias ($4.000.000).<\/p>\n\n\n\n<p>\u201cEsperamos que muchos medios se motiven y postulen sus\niniciativas con tem\u00e1ticas que puedan fortalecer la educaci\u00f3n y la prevenci\u00f3n,\ncon la finalidad de generar impacto en la comunidad magall\u00e1nica\u201d, dijo la\nseremi de Gobierno. <\/p>\n\n\n\n<p>Dada la situaci\u00f3n sanitaria, la postulaci\u00f3n para este Fondo\nde Medios es online, sin embargo, aquellos medios que tengan alguna\ncomplicaci\u00f3n para efectuarla a trav\u00e9s de internet, tambi\u00e9n los formularios\nser\u00e1n recepcionados de manera presencial.&nbsp;\n<\/p>\n\n\n\n<p>Indicar que para este a\u00f1o no se consideran bonificaciones por\nalguna tem\u00e1tica en particular. Las bases se pueden descargar en <a href=\"http:\/\/www.fondodemedios.gob.cl\/\">www.fondodemedios.gob.cl\/<\/a><\/p>\n","protected":false},"excerpt":{"rendered":"<p>En la provincia de \u00daltima Esperanza la seremi de Gobierno, Alejandra Mu\u00f1oz Quiroz junto a la gobernadora Ericka Far\u00edas, realizaron el lanzamiento del concurso de Fondo de Medios de Comunicaci\u00f3n&#8230; <a class=\"read-more\" href=\"https:\/\/www.radiopresidenteibanez.cl\/web\/postulaciones-al-fondo-de-medios-de-comunicacion-social-se-encuentran-abiertas-hasta-el-31-de-marzo\/\">Leer m\u00e1s<\/a><\/p>\n","protected":false},"author":2,"featured_media":18974,"comment_status":"closed","ping_status":"closed","sticky":false,"template":"","format":"standard","meta":{"footnotes":""},"categories":[1],"tags":[],"class_list":["post-18973","post","type-post","status-publish","format-standard","has-post-thumbnail","hentry","category-cronica"],"_links":{"self":[{"href":"https:\/\/www.radiopresidenteibanez.cl\/web\/wp-json\/wp\/v2\/posts\/18973","targetHints":{"allow":["GET"]}}],"collection":[{"href":"https:\/\/www.radiopresidenteibanez.cl\/web\/wp-json\/wp\/v2\/posts"}],"about":[{"href":"https:\/\/www.radiopresidenteibanez.cl\/web\/wp-json\/wp\/v2\/types\/post"}],"author":[{"embeddable":true,"href":"https:\/\/www.radiopresidenteibanez.cl\/web\/wp-json\/wp\/v2\/users\/2"}],"replies":[{"embeddable":true,"href":"https:\/\/www.radiopresidenteibanez.cl\/web\/wp-json\/wp\/v2\/comments?post=18973"}],"version-history":[{"count":0,"href":"https:\/\/www.radiopresidenteibanez.cl\/web\/wp-json\/wp\/v2\/posts\/18973\/revisions"}],"wp:featuredmedia":[{"embeddable":true,"href":"https:\/\/www.radiopresidenteibanez.cl\/web\/wp-json\/wp\/v2\/media\/18974"}],"wp:attachment":[{"href":"https:\/\/www.radiopresidenteibanez.cl\/web\/wp-json\/wp\/v2\/media?parent=18973"}],"wp:term":[{"taxonomy":"category","embeddable":true,"href":"https:\/\/www.radiopresidenteibanez.cl\/web\/wp-json\/wp\/v2\/categories?post=18973"},{"taxonomy":"post_tag","embeddable":true,"href":"https:\/\/www.radiopresidenteibanez.cl\/web\/wp-json\/wp\/v2\/tags?post=18973"}],"curies":[{"name":"wp","href":"https:\/\/api.w.org\/{rel}","templated":true}]}}