{"id":18967,"date":"2021-03-04T14:05:31","date_gmt":"2021-03-04T14:05:31","guid":{"rendered":"https:\/\/www.radiopresidenteibanez.cl\/web\/?p=18967"},"modified":"2021-03-04T14:05:36","modified_gmt":"2021-03-04T14:05:36","slug":"asesor-de-subsecretaria-de-redes-asistenciales-conocio-en-terreno-el-valioso-trabajo-que-se-realiza-en-magallanes-en-pacientes-covid","status":"publish","type":"post","link":"https:\/\/www.radiopresidenteibanez.cl\/web\/asesor-de-subsecretaria-de-redes-asistenciales-conocio-en-terreno-el-valioso-trabajo-que-se-realiza-en-magallanes-en-pacientes-covid\/","title":{"rendered":"ASESOR DE SUBSECRETAR\u00cdA DE REDES ASISTENCIALES CONOCI\u00d3 EN TERRENO EL VALIOSO TRABAJO QUE SE REALIZA EN MAGALLANES EN PACIENTES COVID"},"content":{"rendered":"\n<p>Una fruct\u00edfera visita realiz\u00f3\nesta semana a la Regi\u00f3n de Magallanes, el asesor de la Subsecretar\u00eda de Redes\nAsistenciales en Gesti\u00f3n de Camas Cr\u00edticas y pacientes Covid grave, doctor\nTom\u00e1s Regueira, para conocer en terreno la gesti\u00f3n que se est\u00e1 realizando en la\nregi\u00f3n m\u00e1s austral del pa\u00eds. <\/p>\n\n\n\n<p>Su primera visita se centr\u00f3 en el\nHospital Cl\u00ednico de Magallanes (HCM), donde se reuni\u00f3 con los directivos y\nautoridades m\u00e9dicas para reconocer el valioso esfuerzo que se realiza en el\nestablecimiento, espec\u00edficamente en la Unidad de Paciente Cr\u00edtico que desde\nhace casi un a\u00f1o ha estado al tope de sus capacidades, pero garantizando el\nacceso a cama cr\u00edtica a todos sus usuarios. <\/p>\n\n\n\n<p>En su segundo d\u00eda, el tambi\u00e9n\nm\u00e9dico intensivista se dirigi\u00f3 hasta el Hospital Dr. Augusto Essmann Burgos de\nPuerto Natales que, desde diciembre debi\u00f3 asumir un nuevo rol de complejizaci\u00f3n\nde camas y manejo de pacientes cr\u00edticos. En el periplo estuvo acompa\u00f1ado de la\nsubdirectora m\u00e9dica el HCM, doctora Mar\u00eda Isabel Iduya.<\/p>\n\n\n\n<p>\u201cMe encuentro con un equipo de\nsalud del Hospital de Punta Arenas y Puerto Natales, tremendamente\ncomprometidos con su poblaci\u00f3n y pacientes. Han sacado adelante un trabajo\nenorme, recordemos que, en t\u00e9rminos de salud p\u00fablica ten\u00eda seis camas cr\u00edticas,\nlleg\u00f3 a tener 24 y actualmente tiene 18 y otras en Natales que no exist\u00edan, por\nlo tanto, el compromiso es enorme, pero tan importante como los esfuerzos, son\nlos resultados que han tenido de sobrevida y rehabilitaci\u00f3n\u201d, se\u00f1al\u00f3 el Dr.\nRegueira. <\/p>\n\n\n\n<p>En tanto, y en su \u00faltima visita\nen Punta Arenas, se reuni\u00f3 con el director del SSM Nelson Reyes, para conocer\nlas exigencias y demandas para garantizar atenci\u00f3n a todos los pacientes y que\nel Ministerio de Salud pueda apoyar en base a los requerimientos. \n\n\u201cEl doctor Regueira tiene vasta experiencia en\nel \u00e1rea de Unidad de Paciente Cr\u00edtico, por lo tanto, tiene un amplio\nconocimiento de lo que est\u00e1 sucediendo en la zona. \u00c9l nos ha felicitado por\nnuestro trabajo y, adem\u00e1s, le se\u00f1alamos que hoy d\u00eda tenemos una baja de\npacientes -situaci\u00f3n que es din\u00e1mica- para que podamos fortalecer el trabajo en\nequipo y seguir apoyando a las otras regiones que hoy d\u00eda est\u00e1n siendo\ndemandas\u201d, puntualiz\u00f3 el director Reyes. \n\n\n\n<\/p>\n","protected":false},"excerpt":{"rendered":"<p>Una fruct\u00edfera visita realiz\u00f3 esta semana a la Regi\u00f3n de Magallanes, el asesor de la Subsecretar\u00eda de Redes Asistenciales en Gesti\u00f3n de Camas Cr\u00edticas y pacientes Covid grave, doctor Tom\u00e1s&#8230; <a class=\"read-more\" href=\"https:\/\/www.radiopresidenteibanez.cl\/web\/asesor-de-subsecretaria-de-redes-asistenciales-conocio-en-terreno-el-valioso-trabajo-que-se-realiza-en-magallanes-en-pacientes-covid\/\">Leer m\u00e1s<\/a><\/p>\n","protected":false},"author":2,"featured_media":18968,"comment_status":"closed","ping_status":"closed","sticky":false,"template":"","format":"standard","meta":{"footnotes":""},"categories":[1],"tags":[],"class_list":["post-18967","post","type-post","status-publish","format-standard","has-post-thumbnail","hentry","category-cronica"],"_links":{"self":[{"href":"https:\/\/www.radiopresidenteibanez.cl\/web\/wp-json\/wp\/v2\/posts\/18967","targetHints":{"allow":["GET"]}}],"collection":[{"href":"https:\/\/www.radiopresidenteibanez.cl\/web\/wp-json\/wp\/v2\/posts"}],"about":[{"href":"https:\/\/www.radiopresidenteibanez.cl\/web\/wp-json\/wp\/v2\/types\/post"}],"author":[{"embeddable":true,"href":"https:\/\/www.radiopresidenteibanez.cl\/web\/wp-json\/wp\/v2\/users\/2"}],"replies":[{"embeddable":true,"href":"https:\/\/www.radiopresidenteibanez.cl\/web\/wp-json\/wp\/v2\/comments?post=18967"}],"version-history":[{"count":0,"href":"https:\/\/www.radiopresidenteibanez.cl\/web\/wp-json\/wp\/v2\/posts\/18967\/revisions"}],"wp:featuredmedia":[{"embeddable":true,"href":"https:\/\/www.radiopresidenteibanez.cl\/web\/wp-json\/wp\/v2\/media\/18968"}],"wp:attachment":[{"href":"https:\/\/www.radiopresidenteibanez.cl\/web\/wp-json\/wp\/v2\/media?parent=18967"}],"wp:term":[{"taxonomy":"category","embeddable":true,"href":"https:\/\/www.radiopresidenteibanez.cl\/web\/wp-json\/wp\/v2\/categories?post=18967"},{"taxonomy":"post_tag","embeddable":true,"href":"https:\/\/www.radiopresidenteibanez.cl\/web\/wp-json\/wp\/v2\/tags?post=18967"}],"curies":[{"name":"wp","href":"https:\/\/api.w.org\/{rel}","templated":true}]}}