{"id":18964,"date":"2021-03-04T14:01:31","date_gmt":"2021-03-04T14:01:31","guid":{"rendered":"https:\/\/www.radiopresidenteibanez.cl\/web\/?p=18964"},"modified":"2021-03-04T14:01:38","modified_gmt":"2021-03-04T14:01:38","slug":"con-alta-participacion-de-adultos-mayores-se-inicio-en-magallanes-vacunacion-de-2-dosis-covid-19","status":"publish","type":"post","link":"https:\/\/www.radiopresidenteibanez.cl\/web\/con-alta-participacion-de-adultos-mayores-se-inicio-en-magallanes-vacunacion-de-2-dosis-covid-19\/","title":{"rendered":"CON ALTA PARTICIPACI\u00d3N DE ADULTOS MAYORES, SE INICI\u00d3 EN MAGALLANES VACUNACI\u00d3N DE 2\u00b0 DOSIS COVID-19"},"content":{"rendered":"\n<p>Hasta la Escuela 18 de septiembre de\nPunta Arenas, lleg\u00f3 esta ma\u00f1ana la Jefa de Salud P\u00fablica de la SEREMI de\nSalud,&nbsp; Vivian Garay, en compa\u00f1\u00eda del\nIntendente (s) Alejandro V\u00e1squez, el Alcalde Claudio Radonich, el Director del\nServicio de Salud Magallanes Nelson Reyes para dar inicio al proceso de\ninoculaci\u00f3n de las segundas dosis de la vacuna contra el COVID-19 en adultos\nmayores y otros grupos prioritarios.<\/p>\n\n\n\n<p>La Jefa de Salud P\u00fablica de la SEREMI\nde Salud , Vivian Garay, manifest\u00f3 que en este d\u00eda que se inicia la segunda\ndosis, \u201cQuiero agradecer a toda la red por su trabajo. Creo que ha sido una\norganizaci\u00f3n digna de aplausos, llevamos el primer lugar a nivel nacional y se\nha mantenido, nosotros nos destacamos en esta pandemia por tener el n\u00famero de\ncasos m\u00e1s altos en brotes regionales, en cambio ahora, hemos de alguna forma\nrevertido eso y hemos mostrado confianza y la poblaci\u00f3n&nbsp; nos ha apoyado\u201d<\/p>\n\n\n\n<p>El proceso masivo de vacunaci\u00f3n en\nadultos mayores comenz\u00f3 este mi\u00e9rcoles de febrero y en nuestra regi\u00f3n a las\n15.30 horas ya se hab\u00edan inoculado el 72% de los mayores de 60 a\u00f1os en\nMagallanes, el principal grupo objetivo de la campa\u00f1a. En el marco de ese\nproceso, hoy tambi\u00e9n se comenz\u00f3 a inocular por segunda vez a los residentes y funcionarios\nde los ELEAM de todo Chile.<\/p>\n\n\n\n<p>Al respecto la Jefa de Salud P\u00fablica\nhizo un llamado para que las personas concurran a los centros indicados por la\nautoridad para recibir la segunda dosis, \u201cEl llamado que hago es a los adultos\nmayores, nosotros registramos &nbsp;233\nfallecidos el 2020, de los cuales sobre el 80% eran personas mayores. Por\ntanto, el llamado es a la conciencia, es a la familia&nbsp; a que convenzan a sus adultos a\nconcurrir&nbsp; a vacunarse\u201d. <\/p>\n\n\n\n<p>Es importante que todas las personas\nque ya recibieron la primera dosis de la vacuna, asistan a cualquier\nvacunatorio para administrarse la segunda dosis al transcurrir los 28 d\u00edas\ninformados en su carnet #YoMeVacuno, que se le entreg\u00f3 en la primera\noportunidad. No es obligatorio que asistan al mismo lugar, pueden variar de\ncomuna e incluso de regi\u00f3n y solo deben mostrar su c\u00e9dula de identidad. Para\nsaber la fecha de vacunaci\u00f3n recibir\u00e1n un mensaje de texto en sus tel\u00e9fonos con\nla fecha y vacuna que les corresponde.<\/p>\n\n\n\n<p>El Intendente (s) Alejandro V\u00e1squez\nagreg\u00f3 que: \u201cPara nosotros es muy importante dar comienzo a la vacunaci\u00f3n de la\nsegunda dosis. El proceso de inoculaci\u00f3n a nivel regional ha estado bastante\n\u00e1gil, llevamos m\u00e1s de 48 mil 500 personas vacunadas de la primera dosis, que\ncorresponde a un 34,8% de la poblaci\u00f3n objetivo.&nbsp; Las personas que a\u00fan nos quedan por vacunarse\nde la primera dosis, sobre todo los mayores, los invito a que lo hagan\nprontamente, y al resto de la comunidad que ayuden a estas personas a que se\nacerquen a los lugares de vacunaci\u00f3n para que est\u00e9n en mejores condiciones\nrespecto a esta pandemia\u201d.<\/p>\n\n\n\n<p>En tanto el Director del Servicio de\nSalud Magallanes, Nelson Reyes destac\u00f3 que: \u201cEl s\u00e1bado recibimos 36 mil dosis\nde vacunas y ha sido el aporte m\u00e1s grande que nos ha llegado para iniciar este\nsegundo proceso. Hoy inoculamos por segunda ocasi\u00f3n a los adultos mayores,\nellos han sido el grupo que m\u00e1s ha sufrido y que m\u00e1s han demandado camas\ncr\u00edticas. Hoy tambi\u00e9n inoculamos a los funcionarios de salud y es importante\nporque as\u00ed nos aseguramos que est\u00e9n sanos y tener capacidad de dar respuesta a\nlas demandas que tenemos en camas cr\u00edticas. Por ahora hemos disminuido los\ncasos positivos de la regi\u00f3n, pero es importante que sigamos manteniendo las\nmedidas de precauci\u00f3n. Tenemos comunas que han avanzado en el Plan Paso a Paso,\npero Punta Arenas y Natales no lo ha podido hacer\u201d.<\/p>\n\n\n\n<p>En cuanto a las personas que por\ncalendario deb\u00edan vacunarse en estos d\u00edas, pero se encuentran realizando\ncuarentena por ser COVID positivo, contacto estrecho o haber retornado de un\nviaje, deben permanecer en aislamiento hasta la fecha determinada por la Seremi\nde Salud y s\u00f3lo asistir a los centros de vacunaci\u00f3n despu\u00e9s de este per\u00edodo.<\/p>\n\n\n\n<p>Esta semana el calendario del\nMinisterio de Salud contempla, adem\u00e1s, continuar con la vacunaci\u00f3n de los trabajadores\nde la educaci\u00f3n y las personas entre 64 y 60 a\u00f1os, los pacientes con c\u00e1ncer y\nenfermedades autoinmunes en tratamiento mayores de 16 a\u00f1os y las personas\nrezagadas de anteriores tramos etarios. De esta forma, cumplir con el&nbsp; de lograr la inmunizaci\u00f3n de cinco millones\nde personas al 30 de marzo y de 15 millones a fines del primer semestre.<\/p>\n","protected":false},"excerpt":{"rendered":"<p>Hasta la Escuela 18 de septiembre de Punta Arenas, lleg\u00f3 esta ma\u00f1ana la Jefa de Salud P\u00fablica de la SEREMI de Salud,&nbsp; Vivian Garay, en compa\u00f1\u00eda del Intendente (s) Alejandro&#8230; <a class=\"read-more\" href=\"https:\/\/www.radiopresidenteibanez.cl\/web\/con-alta-participacion-de-adultos-mayores-se-inicio-en-magallanes-vacunacion-de-2-dosis-covid-19\/\">Leer m\u00e1s<\/a><\/p>\n","protected":false},"author":2,"featured_media":18965,"comment_status":"closed","ping_status":"closed","sticky":false,"template":"","format":"standard","meta":{"footnotes":""},"categories":[1],"tags":[],"class_list":["post-18964","post","type-post","status-publish","format-standard","has-post-thumbnail","hentry","category-cronica"],"_links":{"self":[{"href":"https:\/\/www.radiopresidenteibanez.cl\/web\/wp-json\/wp\/v2\/posts\/18964","targetHints":{"allow":["GET"]}}],"collection":[{"href":"https:\/\/www.radiopresidenteibanez.cl\/web\/wp-json\/wp\/v2\/posts"}],"about":[{"href":"https:\/\/www.radiopresidenteibanez.cl\/web\/wp-json\/wp\/v2\/types\/post"}],"author":[{"embeddable":true,"href":"https:\/\/www.radiopresidenteibanez.cl\/web\/wp-json\/wp\/v2\/users\/2"}],"replies":[{"embeddable":true,"href":"https:\/\/www.radiopresidenteibanez.cl\/web\/wp-json\/wp\/v2\/comments?post=18964"}],"version-history":[{"count":0,"href":"https:\/\/www.radiopresidenteibanez.cl\/web\/wp-json\/wp\/v2\/posts\/18964\/revisions"}],"wp:featuredmedia":[{"embeddable":true,"href":"https:\/\/www.radiopresidenteibanez.cl\/web\/wp-json\/wp\/v2\/media\/18965"}],"wp:attachment":[{"href":"https:\/\/www.radiopresidenteibanez.cl\/web\/wp-json\/wp\/v2\/media?parent=18964"}],"wp:term":[{"taxonomy":"category","embeddable":true,"href":"https:\/\/www.radiopresidenteibanez.cl\/web\/wp-json\/wp\/v2\/categories?post=18964"},{"taxonomy":"post_tag","embeddable":true,"href":"https:\/\/www.radiopresidenteibanez.cl\/web\/wp-json\/wp\/v2\/tags?post=18964"}],"curies":[{"name":"wp","href":"https:\/\/api.w.org\/{rel}","templated":true}]}}