{"id":18959,"date":"2021-03-04T13:56:32","date_gmt":"2021-03-04T13:56:32","guid":{"rendered":"https:\/\/www.radiopresidenteibanez.cl\/web\/?p=18959"},"modified":"2021-03-04T13:56:42","modified_gmt":"2021-03-04T13:56:42","slug":"hospital-de-natales-sumo-nuevo-campo-clinico-a-relacion","status":"publish","type":"post","link":"https:\/\/www.radiopresidenteibanez.cl\/web\/hospital-de-natales-sumo-nuevo-campo-clinico-a-relacion\/","title":{"rendered":"HOSPITAL DE NATALES SUM\u00d3 NUEVO CAMPO CL\u00cdNICO A RELACI\u00d3N"},"content":{"rendered":"\n<p><strong><em>&nbsp;<\/em><\/strong>La Unidad de Relaci\u00f3n Asistencial\nDocente (RAD) del Hospital Dr. Augusto Essmann Burgos, ha ampliado sus campos\ncl\u00ednicos con el objetivo de fortalecer y crear nuevos v\u00ednculos colaborativos\nrec\u00edprocos entre el recinto de salud y Universidades e Institutos Profesionales,\npermitiendo la formaci\u00f3n de recurso humano tanto t\u00e9cnico como profesional para\nla Regi\u00f3n de Magallanes y el resto del pa\u00eds. Gracias a esta labor, desde febrero\ndel presente a\u00f1o, estudiantes de 6to a\u00f1o de la carrera de Medicina de la\nUniversidad de Magallanes realizan su internado en Servicio de Ginecolog\u00eda y Obstetricia.<\/p>\n\n\n\n<p>Tal como explic\u00f3, la coordinadora de Relaci\u00f3n Asistencial Docente (RAD),\nPaola Carvajal Rojas, \u201cpara nosotros es una\ntremenda oportunidad poder ofrecer un nuevo campo cl\u00ednico, porque nos permite\nparticipar en la formaci\u00f3n de los futuros profesionales de la salud. Adem\u00e1s, es\nun apoyo significativo en todos los programas que tenemos, en los proyectos y\ntambi\u00e9n obliga a mantener actualizados a los a nuestros profesionales de la\nsalud que est\u00e1n a cargo de los internos e internas, porque tenemos que estar en\nl\u00ednea con la evidencia cient\u00edfica y medios disponibles para hacer la docencia\ncl\u00ednica a un buen nivel\u00bb.<\/p>\n\n\n\n<p>Asimismo, la coordinadora de RAD, destac\u00f3 la importancia\ndel proceso de inducci\u00f3n al inicio de cada internado, \u201ces fundamental que cada\ninterno conozca los flujos de atenci\u00f3n, las normas del establecimiento,\nresponsabilidad y limites del trabajo que realizar\u00e1n, adem\u00e1s de normas y\nprotocolos de los Servicios en que desempe\u00f1ar\u00e1n labores. Por ello, al ingreso\nse realiza una jornada de inducci\u00f3n donde les damos la bienvenida, pero tambi\u00e9n\norientamos sobre normas y obligaciones\u201d, refiri\u00f3 Carvajal. <\/p>\n\n\n\n<p>A la fecha el Hospital de Natales mantiene relaci\u00f3n asistencial\ndocente con Universidad de Magallanes, INACAP y Santo Tom\u00e1s. No obstante, el\nrecinto de salud de Provincia de \u00daltima Esperanza, tiene como desaf\u00edo sumar\nnuevos convenios con centros de formaci\u00f3n de otras regiones del pa\u00eds. <\/p>\n\n\n\n<p>Fue la estudiante de 6to a\u00f1o de Medicina en la UMAG, Tihare Saavedra,\nquien se refiri\u00f3 sobre la importancia de este nuevo campo cl\u00ednico, \u201cpara los estudiantes\nde medicina es fundamental conocer y desempe\u00f1ar labores en el Hospital de Natales,\nporque es muy interesante realizar el internado en un hospital de mediana\ncomplejidad participando del proceso de atenci\u00f3n de los natalinos\u201d, se\u00f1al\u00f3 la\ninterna. <\/p>\n","protected":false},"excerpt":{"rendered":"<p>&nbsp;La Unidad de Relaci\u00f3n Asistencial Docente (RAD) del Hospital Dr. Augusto Essmann Burgos, ha ampliado sus campos cl\u00ednicos con el objetivo de fortalecer y crear nuevos v\u00ednculos colaborativos rec\u00edprocos entre&#8230; <a class=\"read-more\" href=\"https:\/\/www.radiopresidenteibanez.cl\/web\/hospital-de-natales-sumo-nuevo-campo-clinico-a-relacion\/\">Leer m\u00e1s<\/a><\/p>\n","protected":false},"author":2,"featured_media":18960,"comment_status":"closed","ping_status":"closed","sticky":false,"template":"","format":"standard","meta":{"footnotes":""},"categories":[1],"tags":[],"class_list":["post-18959","post","type-post","status-publish","format-standard","has-post-thumbnail","hentry","category-cronica"],"_links":{"self":[{"href":"https:\/\/www.radiopresidenteibanez.cl\/web\/wp-json\/wp\/v2\/posts\/18959","targetHints":{"allow":["GET"]}}],"collection":[{"href":"https:\/\/www.radiopresidenteibanez.cl\/web\/wp-json\/wp\/v2\/posts"}],"about":[{"href":"https:\/\/www.radiopresidenteibanez.cl\/web\/wp-json\/wp\/v2\/types\/post"}],"author":[{"embeddable":true,"href":"https:\/\/www.radiopresidenteibanez.cl\/web\/wp-json\/wp\/v2\/users\/2"}],"replies":[{"embeddable":true,"href":"https:\/\/www.radiopresidenteibanez.cl\/web\/wp-json\/wp\/v2\/comments?post=18959"}],"version-history":[{"count":0,"href":"https:\/\/www.radiopresidenteibanez.cl\/web\/wp-json\/wp\/v2\/posts\/18959\/revisions"}],"wp:featuredmedia":[{"embeddable":true,"href":"https:\/\/www.radiopresidenteibanez.cl\/web\/wp-json\/wp\/v2\/media\/18960"}],"wp:attachment":[{"href":"https:\/\/www.radiopresidenteibanez.cl\/web\/wp-json\/wp\/v2\/media?parent=18959"}],"wp:term":[{"taxonomy":"category","embeddable":true,"href":"https:\/\/www.radiopresidenteibanez.cl\/web\/wp-json\/wp\/v2\/categories?post=18959"},{"taxonomy":"post_tag","embeddable":true,"href":"https:\/\/www.radiopresidenteibanez.cl\/web\/wp-json\/wp\/v2\/tags?post=18959"}],"curies":[{"name":"wp","href":"https:\/\/api.w.org\/{rel}","templated":true}]}}