{"id":18956,"date":"2021-03-04T13:48:37","date_gmt":"2021-03-04T13:48:37","guid":{"rendered":"https:\/\/www.radiopresidenteibanez.cl\/web\/?p=18956"},"modified":"2021-03-04T13:48:42","modified_gmt":"2021-03-04T13:48:42","slug":"cursos-gratuitos-y-online-para-profesores-uso-de-tecnologias-priorizacion-del-curriculum-y-mucho-mas","status":"publish","type":"post","link":"https:\/\/www.radiopresidenteibanez.cl\/web\/cursos-gratuitos-y-online-para-profesores-uso-de-tecnologias-priorizacion-del-curriculum-y-mucho-mas\/","title":{"rendered":"CURSOS GRATUITOS Y ONLINE PARA PROFESORES: USO DE TECNOLOG\u00cdAS, PRIORIZACI\u00d3N DEL CURR\u00cdCULUM Y MUCHO M\u00c1S"},"content":{"rendered":"\n<p>El Centro de Perfeccionamiento, Experimentaci\u00f3n e Investigaciones Pedag\u00f3gicas del Ministerio de Educaci\u00f3n (CPEIP) ha abierto la primera convocatoria del a\u00f1o a sus cursos online gratuitos para el desarrollo profesional de educadores, docentes, directivos y asistentes de la educaci\u00f3n de establecimientos que reciben financiamiento del Estado.<\/p>\n\n\n\n<p>En total, en esta primera convocatoria se han dispuesto m\u00e1s de 40 cursos y talleres, con m\u00e1s de&nbsp;<strong>14 mil cupo<\/strong>s para educadores\/as de p\u00e1rvulos, diferenciales, de educaci\u00f3n T\u00e9cnico Profesional y de los distintos niveles y asignaturas de la educaci\u00f3n general b\u00e1sica y media. En total, durante este a\u00f1o, se proyecta disponer m\u00e1s de&nbsp;<strong>34 mil cupos<\/strong>.<\/p>\n\n\n\n<p>Los cursos abordan distintas tem\u00e1ticas, asignaturas y niveles, destacando en esta convocatoria aquellos sobre el uso de&nbsp;<strong>Internet y recursos digitales<\/strong>&nbsp;para la educaci\u00f3n; los relacionados con la&nbsp;<strong>educaci\u00f3n socioemocional<\/strong>; y los de&nbsp;<strong>priorizaci\u00f3n curricular<\/strong>, es decir, que ayudan a identificar, dentro del curr\u00edculum, los objetivos de aprendizaje esenciales que deben abordar los educadores para nivelar los aprendizajes de los estudiantes en el contexto de pandemia.<\/p>\n\n\n\n<p>Destacan tambi\u00e9n los cursos dirigidos especialmente a educadoras de p\u00e1rvulos de distintos niveles (medio menor, mayor, prek\u00ednder y k\u00ednder) y aquellos que buscan apoyar la co-docencia entre educadoras\/es diferenciales y de educaci\u00f3n general b\u00e1sica.<\/p>\n\n\n\n<p>Adem\u00e1s, los cursos del CPEIP contin\u00faan abordando las distintas asignaturas del curr\u00edculum, as\u00ed como tem\u00e1ticas sobre g\u00e9nero, Derechos Humanos, interculturalidad, entre muchas otras.<\/p>\n\n\n\n<p><strong>Francisca D\u00edaz,<\/strong>&nbsp;<strong>directora del Centro de Perfeccionamiento, Experimentaci\u00f3n e Investigaciones Pedag\u00f3gicas CPEIP,&nbsp;<\/strong>destaca que \u201cdesde el a\u00f1o pasadose est\u00e1n ofreciendo acciones formativas -como cursos, talleres, recursos online- para apoyar a los docentes en la atenci\u00f3n de las necesidades educativas de las y los estudiantes en el contexto actual; aportando a disminuir las brechas de aprendizaje profundizadas producto de la pandemia\u201d.&nbsp;<\/p>\n\n\n\n<p>Las postulaciones y requisitos de inscripci\u00f3n de cada programa se encuentran en\u00a0<a rel=\"noreferrer noopener\" href=\"https:\/\/nam02.safelinks.protection.outlook.com\/?url=http%3A%2F%2Fwww.cpeip.cl%2F&amp;data=04%7C01%7Cpaulina.fernandezh%40mineduc.cl%7Cc8f325d4064648e45c8808d8de465828%7C2e4cfe500580414093874ecde39def60%7C1%7C0%7C637503741097749876%7CUnknown%7CTWFpbGZsb3d8eyJWIjoiMC4wLjAwMDAiLCJQIjoiV2luMzIiLCJBTiI6Ik1haWwiLCJXVCI6Mn0%3D%7C1000&amp;sdata=yVDXUe9yXQCdGOXB4fUennIDb54sl%2BxWBhjg8%2BWcJAA%3D&amp;reserved=0\" target=\"_blank\">www.cpeip.cl<\/a>.\u00a0<\/p>\n\n\n\n<p><strong>Cursos sobre herramientas tecnol\u00f3gicas para la educaci\u00f3n<\/strong><\/p>\n\n\n\n<p>Transforma tu clase online<\/p>\n\n\n\n<p>Herramientas y recursos digitales<\/p>\n\n\n\n<p>Herramientas y recursos digitales (para asistentes de la Educaci\u00f3n)<\/p>\n\n\n\n<p>Descubrir el mundo de internet y recursos educativos<\/p>\n\n\n\n<p>Descubrir el mundo de internet y recursos educativos (para asistentes de la educaci\u00f3n)<\/p>\n\n\n\n<p><strong>Cursos Suma y Sigue<\/strong><\/p>\n\n\n\n<p>Trabajando con las fracciones y sus representaciones<\/p>\n\n\n\n<p>Trabajando con la multiplicaci\u00f3n y divisi\u00f3n de n\u00fameros naturales<\/p>\n\n\n\n<p><strong>Comunidades virtuales de aprendizaje<\/strong><\/p>\n\n\n\n<p>Comunidades Virtuales de Aprendizaje<\/p>\n\n\n\n<p><strong>Texto Digital Interactivo Discovery Education<\/strong><\/p>\n\n\n\n<p>Texto digital interactivo Ciencias 8\u00b0: Implementaci\u00f3n y pr\u00e1ctica (Discovery Education)<\/p>\n\n\n\n<p>Texto digital interactivo Matem\u00e1tica 8\u00b0: Implementaci\u00f3n y pr\u00e1ctica (Discovery Education)<\/p>\n\n\n\n<p><strong>Taller Transformaci\u00f3n Digital Escolar Google*<\/strong><\/p>\n\n\n\n<p>GSuite para el Aprendizaje remoto<\/p>\n\n\n\n<p>GSuite para el Aprendizaje Mixto (presencial \/ a distancia)<\/p>\n\n\n\n<p>GSuite para el Aprendizaje Basado en Proyectos<\/p>\n\n\n\n<p>GSuite para la colaboraci\u00f3n docente<\/p>\n\n\n\n<p>GSuite para la Colaboraci\u00f3n Docente GSuite v\u00ednculo con apoderados<\/p>\n\n\n\n<p><strong>Derechos Humanos e inclusi\u00f3n<\/strong><\/p>\n\n\n\n<p>La Escuela en el marco de los Derechos Humanos<\/p>\n\n\n\n<p>Interculturalidad en el aula<\/p>\n\n\n\n<p>G\u00e9nero, afectividad y sexualidad<\/p>\n\n\n\n<p><strong>Cursos sobre priorizaci\u00f3n curricular y contexto socioemocional<\/strong><\/p>\n\n\n\n<p>Estrategias para el desarrollo de habilidades socioemocionales en contexto escolar.<\/p>\n\n\n\n<p>Herramientas de implementaci\u00f3n de un curr\u00edculo priorizado para Jefes de UTP (NT a 6\u00ba B\u00e1sico)<\/p>\n\n\n\n<p>Herramientas de implementaci\u00f3n de un curr\u00edculo priorizado para directivos de UTP (7\u00ba A 4\u00ba Medio)<\/p>\n\n\n\n<p>Herramientas de implementaci\u00f3n de un curr\u00edculo priorizado para los Niveles de Transici\u00f3n (Nivel de Transici\u00f3n 1 y Nivel de Transici\u00f3n 2) y contexto emocional (para docentes)<\/p>\n\n\n\n<p>Herramientas de implementaci\u00f3n de un curr\u00edculo priorizado para los Niveles de Transici\u00f3n (Nivel de Transici\u00f3n 1 y Nivel de Transici\u00f3n 2) y contexto emocional (para asistentes de la Educaci\u00f3n)<\/p>\n\n\n\n<p>Estrategias para el apoyo de los aprendizajes para profesores(as) diferenciales (para docentes)<\/p>\n\n\n\n<p>Estrategias para el apoyo de los aprendizajes para profesoras(es) diferenciales (para asistentes de la educaci\u00f3n)<\/p>\n\n\n\n<p>Lenguaje 1\u00b0 y 2\u00b0 b\u00e1sico: Curr\u00edculum Priorizado y Contexto emocional (para docentes)<\/p>\n\n\n\n<p>Lenguaje 1\u00b0 y 2\u00b0 b\u00e1sico: curr\u00edculum priorizado y contexto emocional (Asistentes de la Educaci\u00f3n)<\/p>\n\n\n\n<p>Lenguaje 3\u00b0 y 4\u00b0 b\u00e1sico: curr\u00edculum priorizado y contexto emocional<\/p>\n\n\n\n<p>Matem\u00e1ticas 3\u00b0 y 4\u00b0 b\u00e1sico: curr\u00edculum priorizado y contexto emocional<\/p>\n\n\n\n<p>Lenguaje 5\u00b0 y 6\u00b0 b\u00e1sico: curr\u00edculum priorizado y contexto emocional<\/p>\n\n\n\n<p>Matem\u00e1ticas 5\u00b0 y 6\u00b0 b\u00e1sico: curr\u00edculum priorizado y contexto emocional<\/p>\n\n\n\n<p>Historia 5\u00b0 y 6\u00b0 b\u00e1sico: curr\u00edculum priorizado y contexto emocional<\/p>\n\n\n\n<p>Ciencias 5\u00b0 y 6\u00b0 b\u00e1sico: curr\u00edculum priorizado y contexto emocional escolar<\/p>\n\n\n\n<p>Lenguaje 7\u00b0 y 8\u00b0 b\u00e1sico: curr\u00edculum priorizado y contexto emocional<\/p>\n\n\n\n<p>Matem\u00e1ticas 7\u00b0 y 8\u00b0 b\u00e1sico: curr\u00edculum priorizado y contexto emocional<\/p>\n\n\n\n<p>Historia 7\u00b0 y 8\u00b0 b\u00e1sico: curr\u00edculum priorizado y contexto emocional<\/p>\n\n\n\n<p>Ciencias 7\u00b0 y 8\u00b0 b\u00e1sico: curr\u00edculum priorizado y contexto emocional<\/p>\n\n\n\n<p>Lenguaje I\u00b0 y II\u00b0 Medio: curr\u00edculum priorizado y contexto emocional<\/p>\n\n\n\n<p>Matem\u00e1ticas I\u00b0 y II\u00b0 Medio: curr\u00edculum priorizado y contexto emocional<\/p>\n\n\n\n<p>Historia I\u00b0 y II\u00b0 Medio: curr\u00edculum priorizado y contexto emocional<\/p>\n\n\n\n<p>Ciencias I\u00b0 y II\u00b0 Medio: curr\u00edculum priorizado y contexto emocional<\/p>\n\n\n\n<p>Lenguaje III\u00b0 y IV\u00b0 Medio: curr\u00edculum priorizado y contexto emocional<\/p>\n\n\n\n<p>Matem\u00e1ticas III\u00b0 y IV\u00b0 Medio: curr\u00edculum priorizado y contexto emocional<\/p>\n\n\n\n<p>Historia III\u00b0 y IV\u00b0 Medio: curr\u00edculum priorizado y contexto emocional<\/p>\n\n\n\n<p>Ciencias III y IV Medio: curr\u00edculum priorizado y contexto emocional<\/p>\n\n\n\n<p>*Talleres en alianza con Google para el uso de herramientas que se han dispuesto de forma gratuita para los establecimientos escolares.<\/p>\n","protected":false},"excerpt":{"rendered":"<p>El Centro de Perfeccionamiento, Experimentaci\u00f3n e Investigaciones Pedag\u00f3gicas del Ministerio de Educaci\u00f3n (CPEIP) ha abierto la primera convocatoria del a\u00f1o a sus cursos online gratuitos para el desarrollo profesional de&#8230; <a class=\"read-more\" href=\"https:\/\/www.radiopresidenteibanez.cl\/web\/cursos-gratuitos-y-online-para-profesores-uso-de-tecnologias-priorizacion-del-curriculum-y-mucho-mas\/\">Leer m\u00e1s<\/a><\/p>\n","protected":false},"author":2,"featured_media":18957,"comment_status":"closed","ping_status":"closed","sticky":false,"template":"","format":"standard","meta":{"footnotes":""},"categories":[1],"tags":[],"class_list":["post-18956","post","type-post","status-publish","format-standard","has-post-thumbnail","hentry","category-cronica"],"_links":{"self":[{"href":"https:\/\/www.radiopresidenteibanez.cl\/web\/wp-json\/wp\/v2\/posts\/18956","targetHints":{"allow":["GET"]}}],"collection":[{"href":"https:\/\/www.radiopresidenteibanez.cl\/web\/wp-json\/wp\/v2\/posts"}],"about":[{"href":"https:\/\/www.radiopresidenteibanez.cl\/web\/wp-json\/wp\/v2\/types\/post"}],"author":[{"embeddable":true,"href":"https:\/\/www.radiopresidenteibanez.cl\/web\/wp-json\/wp\/v2\/users\/2"}],"replies":[{"embeddable":true,"href":"https:\/\/www.radiopresidenteibanez.cl\/web\/wp-json\/wp\/v2\/comments?post=18956"}],"version-history":[{"count":0,"href":"https:\/\/www.radiopresidenteibanez.cl\/web\/wp-json\/wp\/v2\/posts\/18956\/revisions"}],"wp:featuredmedia":[{"embeddable":true,"href":"https:\/\/www.radiopresidenteibanez.cl\/web\/wp-json\/wp\/v2\/media\/18957"}],"wp:attachment":[{"href":"https:\/\/www.radiopresidenteibanez.cl\/web\/wp-json\/wp\/v2\/media?parent=18956"}],"wp:term":[{"taxonomy":"category","embeddable":true,"href":"https:\/\/www.radiopresidenteibanez.cl\/web\/wp-json\/wp\/v2\/categories?post=18956"},{"taxonomy":"post_tag","embeddable":true,"href":"https:\/\/www.radiopresidenteibanez.cl\/web\/wp-json\/wp\/v2\/tags?post=18956"}],"curies":[{"name":"wp","href":"https:\/\/api.w.org\/{rel}","templated":true}]}}