{"id":18950,"date":"2021-03-04T13:41:56","date_gmt":"2021-03-04T13:41:56","guid":{"rendered":"https:\/\/www.radiopresidenteibanez.cl\/web\/?p=18950"},"modified":"2021-03-04T13:42:02","modified_gmt":"2021-03-04T13:42:02","slug":"la-voz-del-cabildo-programa-especial-8m","status":"publish","type":"post","link":"https:\/\/www.radiopresidenteibanez.cl\/web\/la-voz-del-cabildo-programa-especial-8m\/","title":{"rendered":"\u00abLA VOZ DEL CABILDO\u00bb PROGRAMA ESPECIAL \u00ab8M\u00bb"},"content":{"rendered":"\n<p>Este jueves 4 de marzo desde las 12:00 horas, \u00abLa Voz del Cabildo\u00bb programa especial del \u00ab8M\u00bb, esc\u00fachenos y v\u00e9anos a trav\u00e9s de nuestras distintas se\u00f1ales, 88.5 FM, canal 34 TVRed digital, www.radiopresidenteibanez.cl y Facebook Live.<\/p>\n","protected":false},"excerpt":{"rendered":"<p>Este jueves 4 de marzo desde las 12:00 horas, \u00abLa Voz del Cabildo\u00bb programa especial del \u00ab8M\u00bb, esc\u00fachenos y v\u00e9anos a trav\u00e9s de nuestras distintas se\u00f1ales, 88.5 FM, canal 34&#8230; <a class=\"read-more\" href=\"https:\/\/www.radiopresidenteibanez.cl\/web\/la-voz-del-cabildo-programa-especial-8m\/\">Leer m\u00e1s<\/a><\/p>\n","protected":false},"author":2,"featured_media":18951,"comment_status":"closed","ping_status":"closed","sticky":false,"template":"","format":"standard","meta":{"footnotes":""},"categories":[1],"tags":[],"class_list":["post-18950","post","type-post","status-publish","format-standard","has-post-thumbnail","hentry","category-cronica"],"_links":{"self":[{"href":"https:\/\/www.radiopresidenteibanez.cl\/web\/wp-json\/wp\/v2\/posts\/18950","targetHints":{"allow":["GET"]}}],"collection":[{"href":"https:\/\/www.radiopresidenteibanez.cl\/web\/wp-json\/wp\/v2\/posts"}],"about":[{"href":"https:\/\/www.radiopresidenteibanez.cl\/web\/wp-json\/wp\/v2\/types\/post"}],"author":[{"embeddable":true,"href":"https:\/\/www.radiopresidenteibanez.cl\/web\/wp-json\/wp\/v2\/users\/2"}],"replies":[{"embeddable":true,"href":"https:\/\/www.radiopresidenteibanez.cl\/web\/wp-json\/wp\/v2\/comments?post=18950"}],"version-history":[{"count":0,"href":"https:\/\/www.radiopresidenteibanez.cl\/web\/wp-json\/wp\/v2\/posts\/18950\/revisions"}],"wp:featuredmedia":[{"embeddable":true,"href":"https:\/\/www.radiopresidenteibanez.cl\/web\/wp-json\/wp\/v2\/media\/18951"}],"wp:attachment":[{"href":"https:\/\/www.radiopresidenteibanez.cl\/web\/wp-json\/wp\/v2\/media?parent=18950"}],"wp:term":[{"taxonomy":"category","embeddable":true,"href":"https:\/\/www.radiopresidenteibanez.cl\/web\/wp-json\/wp\/v2\/categories?post=18950"},{"taxonomy":"post_tag","embeddable":true,"href":"https:\/\/www.radiopresidenteibanez.cl\/web\/wp-json\/wp\/v2\/tags?post=18950"}],"curies":[{"name":"wp","href":"https:\/\/api.w.org\/{rel}","templated":true}]}}