{"id":18947,"date":"2021-03-03T14:06:54","date_gmt":"2021-03-03T14:06:54","guid":{"rendered":"https:\/\/www.radiopresidenteibanez.cl\/web\/?p=18947"},"modified":"2021-03-03T14:06:59","modified_gmt":"2021-03-03T14:06:59","slug":"fiscalizacion-con-sentido-el-nuevo-programa-del-servicio-agricola-y-ganadero-para-difundir-la-normativa-vigente-entre-pequenos-productores","status":"publish","type":"post","link":"https:\/\/www.radiopresidenteibanez.cl\/web\/fiscalizacion-con-sentido-el-nuevo-programa-del-servicio-agricola-y-ganadero-para-difundir-la-normativa-vigente-entre-pequenos-productores\/","title":{"rendered":"\u201cFISCALIZACI\u00d3N CON SENTIDO\u201d: EL NUEVO PROGRAMA DEL SERVICIO AGR\u00cdCOLA Y GANADERO PARA DIFUNDIR LA NORMATIVA VIGENTE ENTRE PEQUE\u00d1OS PRODUCTORES"},"content":{"rendered":"\n<p>En el marco del\nprograma \u201cFiscalizaci\u00f3n con sentido\u201d que lidera el Servicio Agr\u00edcola y Ganadero,\nque busca difundir la normativa vigente y sus actualizaciones sobre\ntrazabilidad animal y correcto uso y aplicaci\u00f3n de plaguicidas entre peque\u00f1os\nproductores y productoras nacionales, la direcci\u00f3n regional de Magallanes dio\ninicio a la ejecuci\u00f3n de la iniciativa entregando material de informativo y\nresolviendo consultas entre hortaliceras\/os y viveristas del programa \u201cVamos al\ncentro\u201d, que por estos d\u00edas se desarrolla en el sector centro de la ciudad de\nPunta Arenas.<\/p>\n\n\n\n<p>\u201cEsta actividad\nde difusi\u00f3n apunta a que usuarios y usuarias conozcan la reglamentaci\u00f3n\nexistente en cuanto al uso y aplicaci\u00f3n de plaguicidas. As\u00ed mismo, quisimos relevar\nla importancia de adquirir semillas y productos de cultivo en tiendas y\ndistribuidores oficiales, a fin de que el resultado de su trabajo se traduzca\nen una buena producci\u00f3n. Ambas, son actividades rutinarias del servicio, pero producto\nde la pandemia hemos debido buscar otras formas de transmitir la informaci\u00f3n, y\nde este modo, hacer una entrega m\u00e1s expedita y directa\u201d, explica Ivonne Uribe\nSoto, ingeniera agr\u00f3noma de SAG Magallanes.<\/p>\n\n\n\n<p><strong>Programa \u201cFiscalizaci\u00f3n con sentido\u201d<\/strong><\/p>\n\n\n\n<p>El programa,\niniciado el 2020 como un plan piloto en 3 regiones de la zona centro sur del\npa\u00eds, busca generar cambios reales en las conductas de usuarias y usuarios del segmento Agricultura\nFamiliar Campesina (AFC) con respecto a la aplicaci\u00f3n de normativas, las cuales\nen muchos casos no son conocidas o comprendidas a cabalidad, llevando a faltas\ny sanciones que podr\u00edan ser evitadas.<\/p>\n\n\n\n<p>\u201cA trav\u00e9s de este programa buscamos cambiar el\nconcepto de fiscalizaci\u00f3n punitiva por una fiscalizaci\u00f3n educativa, y as\u00ed\nlograr que nuestros usuarios y usuarias entiendan la relevancia que tiene\ncumplir con la normativa, ya que, en definitiva, se trata de productos cuyo\ndestino final es el consumo humano y por tanto deben ser inocuos y seguros para\nla ciudadan\u00eda\u201d, explica el director regional de SAG Magallanes, Gerardo Otzen\nMartinic.<\/p>\n\n\n\n<p>La ejecuci\u00f3n del programa, contempla visitas y charlas\na peque\u00f1os productores y productoras de las cuatro provincias de la regi\u00f3n,\npero igualmente considera capacitaciones a funcionarios y funcionarias de SAG\nque deber\u00e1n implementar la iniciativa. \u201cSe trata de un tremendo desaf\u00edo para\nnuestros equipos fiscalizadores, ya que deberemos buscar formas ingeniosas de\nacercar y explicar la normativa de manera simple y clara, entendiendo que la\nrealidad de nuestros usuarios es distinta en cada lugar, ya sea por\nconectividad, ubicaci\u00f3n geogr\u00e1fica, acceso a insumos, etc. Queremos acercar el\nSAG a los peque\u00f1os productores, a fin de lograr la confianza necesaria para que\nnos hagan sus consultas, y juntos obtengamos m\u00e1s y mejores productos, que en su\nproducci\u00f3n se ajusten a la normativa, y que en su destino, cumplan con las\nexpectativas de calidad de los consumidores\u201d, concluy\u00f3 Otzen.<\/p>\n\n\n\n<p>Ante dudas o consultas sobre normativa u otras\nmaterias atingentes a SAG, escr\u00edbanos al correo <a href=\"mailto:contacto.magallanes@sag.gob.cl\">contacto.magallanes@sag.gob.cl<\/a><\/p>\n","protected":false},"excerpt":{"rendered":"<p>En el marco del programa \u201cFiscalizaci\u00f3n con sentido\u201d que lidera el Servicio Agr\u00edcola y Ganadero, que busca difundir la normativa vigente y sus actualizaciones sobre trazabilidad animal y correcto uso&#8230; <a class=\"read-more\" href=\"https:\/\/www.radiopresidenteibanez.cl\/web\/fiscalizacion-con-sentido-el-nuevo-programa-del-servicio-agricola-y-ganadero-para-difundir-la-normativa-vigente-entre-pequenos-productores\/\">Leer m\u00e1s<\/a><\/p>\n","protected":false},"author":2,"featured_media":0,"comment_status":"closed","ping_status":"closed","sticky":false,"template":"","format":"standard","meta":{"footnotes":""},"categories":[1],"tags":[],"class_list":["post-18947","post","type-post","status-publish","format-standard","hentry","category-cronica"],"_links":{"self":[{"href":"https:\/\/www.radiopresidenteibanez.cl\/web\/wp-json\/wp\/v2\/posts\/18947","targetHints":{"allow":["GET"]}}],"collection":[{"href":"https:\/\/www.radiopresidenteibanez.cl\/web\/wp-json\/wp\/v2\/posts"}],"about":[{"href":"https:\/\/www.radiopresidenteibanez.cl\/web\/wp-json\/wp\/v2\/types\/post"}],"author":[{"embeddable":true,"href":"https:\/\/www.radiopresidenteibanez.cl\/web\/wp-json\/wp\/v2\/users\/2"}],"replies":[{"embeddable":true,"href":"https:\/\/www.radiopresidenteibanez.cl\/web\/wp-json\/wp\/v2\/comments?post=18947"}],"version-history":[{"count":0,"href":"https:\/\/www.radiopresidenteibanez.cl\/web\/wp-json\/wp\/v2\/posts\/18947\/revisions"}],"wp:attachment":[{"href":"https:\/\/www.radiopresidenteibanez.cl\/web\/wp-json\/wp\/v2\/media?parent=18947"}],"wp:term":[{"taxonomy":"category","embeddable":true,"href":"https:\/\/www.radiopresidenteibanez.cl\/web\/wp-json\/wp\/v2\/categories?post=18947"},{"taxonomy":"post_tag","embeddable":true,"href":"https:\/\/www.radiopresidenteibanez.cl\/web\/wp-json\/wp\/v2\/tags?post=18947"}],"curies":[{"name":"wp","href":"https:\/\/api.w.org\/{rel}","templated":true}]}}