{"id":18944,"date":"2021-03-03T14:04:53","date_gmt":"2021-03-03T14:04:53","guid":{"rendered":"https:\/\/www.radiopresidenteibanez.cl\/web\/?p=18944"},"modified":"2021-03-03T14:04:59","modified_gmt":"2021-03-03T14:04:59","slug":"mamografo-movil-365-examenes-se-han-realizado-en-solo-tres-meses","status":"publish","type":"post","link":"https:\/\/www.radiopresidenteibanez.cl\/web\/mamografo-movil-365-examenes-se-han-realizado-en-solo-tres-meses\/","title":{"rendered":"MAM\u00d3GRAFO M\u00d3VIL: 365 EX\u00c1MENES  SE HAN REALIZADO EN SOLO TRES MESES"},"content":{"rendered":"\n<p>En noviembre de 2020, el\nmam\u00f3grafo m\u00f3vil del Servicio de Salud Magallanes (SSM) comenz\u00f3 a rodar sus\nprimeros kil\u00f3metros, con s\u00f3lo un objetivo, brindar acceso oportuno al examen de\nmamograf\u00eda a las mujeres en el rango etario entre 50 y 69 a\u00f1os y que habiten en\ncomunas donde la conectividad y el acceso a la salud se ve dificultado. <\/p>\n\n\n\n<p>La \u00faltima ruta del mam\u00f3grafo\nm\u00f3vil fue San Gregorio, donde se realizaron 15 atenciones, pero en solo tres\nmeses a recorrido Punta Arenas, Puerto Natales, Porvenir, Cerro Castillo,\nPuerto Williams, Laguna Blanca y R\u00edo Verde. <\/p>\n\n\n\n<p>El coordinador de este\ndispositivo m\u00f3vil del SSM, Jos\u00e9 G\u00f3mez, explica que los ex\u00e1menes est\u00e1n enfocados\na aquellas mujeres que se encuentra en lista de espera por mamograf\u00eda, factores\nde riesgo, o tienen alguna indicaci\u00f3n de repetici\u00f3n de examen. <\/p>\n\n\n\n<p>\u201cDesde el inicio de la ruta de la\nunidad llevamos 365 mamograf\u00edas realizadas. Nosotros queremos brindar un acceso\nuniversal a este examen y asegurarle a la comunidad magall\u00e1nico que cuenta con\nun equipo de primer nivel t\u00e9cnico y humano en su lugar de residencia\u201d, se\u00f1ala\nel coordinador G\u00f3mez. <\/p>\n\n\n\n<p>El nuevo despliegue del mam\u00f3grafo\nm\u00f3vil llegar\u00e1 hasta la localidad de Puerto Ed\u00e9n, comuna de Natales, y ser\u00e1\ntrasladado v\u00eda mar\u00edtima en las embarcaciones que gratuitamente ha facilitado la\nempresa Tabsa, para acercar el examen de mamograf\u00eda a las magall\u00e1nicas que se\nencuentran en zonas alejadas. <\/p>\n","protected":false},"excerpt":{"rendered":"<p>En noviembre de 2020, el mam\u00f3grafo m\u00f3vil del Servicio de Salud Magallanes (SSM) comenz\u00f3 a rodar sus primeros kil\u00f3metros, con s\u00f3lo un objetivo, brindar acceso oportuno al examen de mamograf\u00eda&#8230; <a class=\"read-more\" href=\"https:\/\/www.radiopresidenteibanez.cl\/web\/mamografo-movil-365-examenes-se-han-realizado-en-solo-tres-meses\/\">Leer m\u00e1s<\/a><\/p>\n","protected":false},"author":2,"featured_media":18945,"comment_status":"closed","ping_status":"closed","sticky":false,"template":"","format":"standard","meta":{"footnotes":""},"categories":[1],"tags":[],"class_list":["post-18944","post","type-post","status-publish","format-standard","has-post-thumbnail","hentry","category-cronica"],"_links":{"self":[{"href":"https:\/\/www.radiopresidenteibanez.cl\/web\/wp-json\/wp\/v2\/posts\/18944","targetHints":{"allow":["GET"]}}],"collection":[{"href":"https:\/\/www.radiopresidenteibanez.cl\/web\/wp-json\/wp\/v2\/posts"}],"about":[{"href":"https:\/\/www.radiopresidenteibanez.cl\/web\/wp-json\/wp\/v2\/types\/post"}],"author":[{"embeddable":true,"href":"https:\/\/www.radiopresidenteibanez.cl\/web\/wp-json\/wp\/v2\/users\/2"}],"replies":[{"embeddable":true,"href":"https:\/\/www.radiopresidenteibanez.cl\/web\/wp-json\/wp\/v2\/comments?post=18944"}],"version-history":[{"count":0,"href":"https:\/\/www.radiopresidenteibanez.cl\/web\/wp-json\/wp\/v2\/posts\/18944\/revisions"}],"wp:featuredmedia":[{"embeddable":true,"href":"https:\/\/www.radiopresidenteibanez.cl\/web\/wp-json\/wp\/v2\/media\/18945"}],"wp:attachment":[{"href":"https:\/\/www.radiopresidenteibanez.cl\/web\/wp-json\/wp\/v2\/media?parent=18944"}],"wp:term":[{"taxonomy":"category","embeddable":true,"href":"https:\/\/www.radiopresidenteibanez.cl\/web\/wp-json\/wp\/v2\/categories?post=18944"},{"taxonomy":"post_tag","embeddable":true,"href":"https:\/\/www.radiopresidenteibanez.cl\/web\/wp-json\/wp\/v2\/tags?post=18944"}],"curies":[{"name":"wp","href":"https:\/\/api.w.org\/{rel}","templated":true}]}}