{"id":18941,"date":"2021-03-03T14:01:09","date_gmt":"2021-03-03T14:01:09","guid":{"rendered":"https:\/\/www.radiopresidenteibanez.cl\/web\/?p=18941"},"modified":"2021-03-03T14:01:14","modified_gmt":"2021-03-03T14:01:14","slug":"comenzaron-trabajos-de-fumigacion-poda-y-hermoseamiento-del-cementerio-municipal-de-punta-arenas","status":"publish","type":"post","link":"https:\/\/www.radiopresidenteibanez.cl\/web\/comenzaron-trabajos-de-fumigacion-poda-y-hermoseamiento-del-cementerio-municipal-de-punta-arenas\/","title":{"rendered":"COMENZARON TRABAJOS DE FUMIGACI\u00d3N, PODA Y HERMOSEAMIENTO DEL CEMENTERIO MUNICIPAL DE PUNTA ARENAS"},"content":{"rendered":"\n<p>El personal del camposanto ha trabajado ininterrumpidamente durante toda la Pandemia, por medio de turnos y respetando los protocolos sanitarios, raz\u00f3n por la cual se vieron afectados diversos trabajos de mantenci\u00f3n y hermoseamiento. Es por ello, que tal como lo anunci\u00f3 el alcalde Claudio Radonich durante esta jornada, \u201cdesde ahora comenzamos a retomar las tareas y ponernos al d\u00eda con el cuidado de los cipreses que en total suman 632, lo que se mantendr\u00e1 de forma permanente, agregando a ello, el inicio de la poda de dichas especies\u201d.<\/p>\n\n\n\n<p>En ese sentido, Radonich explic\u00f3 que \u201cadem\u00e1s, hemos iniciado un proceso de fumigaci\u00f3n, el cual consta de 6 aplicaciones para combatir el pulg\u00f3n que afecta a los cipreses del Cementerio\u201d. En total, son cerca de 20 millones de pesos en inversi\u00f3n, los que desembolsar\u00e1 la Municipalidad de Punta Arenas, con el fin de recuperar algunos espacios del camposanto local.<\/p>\n\n\n\n<p>Asimismo, el jefe comunal a\u00f1adi\u00f3 que en paralelo, se est\u00e1n desarrollando trabajos de limpieza y pintura en los muros externos del Cementerio, pero tambi\u00e9n desmalezando los pasillos del recinto, algo que se hab\u00eda postergado debido a la falta de personal producto de la Pandemia y el arduo trabajo desarrollado para poder reabrir, lo cual hoy se concreta gracias a un proyecto presentado por la Municipalidad al Fondo Regional de Iniciativas Locales (FRIL).<\/p>\n\n\n\n<p>Finalmente, la autoridad comunal reiter\u00f3 que \u201chay que recordar que el cementerio, adem\u00e1s de ser uno de los m\u00e1s bonitos del mundo, cumple un rol social, por lo que hemos dispuesto que en las ma\u00f1anas sea para visitas y atenci\u00f3n a nuestros vecinos, mientras que en las tardes se desarrollan los servicios funerarios de sepultaci\u00f3n y cremaci\u00f3n\u201d.<\/p>\n\n\n\n<p>El Cementerio Municipal Sara Braun, permanecer\u00e1 abierto al p\u00fablico de lunes a viernes entre las 10 y 13 horas, al igual que los d\u00edas domingo.<\/p>\n","protected":false},"excerpt":{"rendered":"<p>El personal del camposanto ha trabajado ininterrumpidamente durante toda la Pandemia, por medio de turnos y respetando los protocolos sanitarios, raz\u00f3n por la cual se vieron afectados diversos trabajos de&#8230; <a class=\"read-more\" href=\"https:\/\/www.radiopresidenteibanez.cl\/web\/comenzaron-trabajos-de-fumigacion-poda-y-hermoseamiento-del-cementerio-municipal-de-punta-arenas\/\">Leer m\u00e1s<\/a><\/p>\n","protected":false},"author":2,"featured_media":18942,"comment_status":"closed","ping_status":"closed","sticky":false,"template":"","format":"standard","meta":{"footnotes":""},"categories":[1],"tags":[],"class_list":["post-18941","post","type-post","status-publish","format-standard","has-post-thumbnail","hentry","category-cronica"],"_links":{"self":[{"href":"https:\/\/www.radiopresidenteibanez.cl\/web\/wp-json\/wp\/v2\/posts\/18941","targetHints":{"allow":["GET"]}}],"collection":[{"href":"https:\/\/www.radiopresidenteibanez.cl\/web\/wp-json\/wp\/v2\/posts"}],"about":[{"href":"https:\/\/www.radiopresidenteibanez.cl\/web\/wp-json\/wp\/v2\/types\/post"}],"author":[{"embeddable":true,"href":"https:\/\/www.radiopresidenteibanez.cl\/web\/wp-json\/wp\/v2\/users\/2"}],"replies":[{"embeddable":true,"href":"https:\/\/www.radiopresidenteibanez.cl\/web\/wp-json\/wp\/v2\/comments?post=18941"}],"version-history":[{"count":0,"href":"https:\/\/www.radiopresidenteibanez.cl\/web\/wp-json\/wp\/v2\/posts\/18941\/revisions"}],"wp:featuredmedia":[{"embeddable":true,"href":"https:\/\/www.radiopresidenteibanez.cl\/web\/wp-json\/wp\/v2\/media\/18942"}],"wp:attachment":[{"href":"https:\/\/www.radiopresidenteibanez.cl\/web\/wp-json\/wp\/v2\/media?parent=18941"}],"wp:term":[{"taxonomy":"category","embeddable":true,"href":"https:\/\/www.radiopresidenteibanez.cl\/web\/wp-json\/wp\/v2\/categories?post=18941"},{"taxonomy":"post_tag","embeddable":true,"href":"https:\/\/www.radiopresidenteibanez.cl\/web\/wp-json\/wp\/v2\/tags?post=18941"}],"curies":[{"name":"wp","href":"https:\/\/api.w.org\/{rel}","templated":true}]}}