{"id":18934,"date":"2021-03-03T13:56:47","date_gmt":"2021-03-03T13:56:47","guid":{"rendered":"https:\/\/www.radiopresidenteibanez.cl\/web\/?p=18934"},"modified":"2021-03-03T13:56:52","modified_gmt":"2021-03-03T13:56:52","slug":"mindep-e-ind-realizaran-clases-de-entrenaencasa-dirigidas-a-personas-en-situacion-de-discapacidad","status":"publish","type":"post","link":"https:\/\/www.radiopresidenteibanez.cl\/web\/mindep-e-ind-realizaran-clases-de-entrenaencasa-dirigidas-a-personas-en-situacion-de-discapacidad\/","title":{"rendered":"MINDEP E IND REALIZAR\u00c1N CLASES DE #ENTRENAENCASA DIRIGIDAS A PERSONAS EN SITUACI\u00d3N DE DISCAPACIDAD"},"content":{"rendered":"\n<p>El Ministerio del Deporte e Instituto Nacional de Deportes siguen ampliando\nlas disciplinas del programa #EntrenaEnCasa y desde este viernes 5 de marzo, a\ncontar de las 15:30 horas, comenzar\u00e1n con clases virtuales dirigidas a personas\nen situaci\u00f3n de discapacidad. <\/p>\n\n\n\n<p>A trav\u00e9s del programa Crecer en Movimiento, el Mindep e IND iniciar\u00e1n este\nciclo de deporte adaptado con clases de esgrima en silla de ruedas y paratenis\nde mesa, las que estar\u00e1n a cargo de los profesores de las escuelas de\nespecializaci\u00f3n deportiva. <br>\n<br>\nLas c\u00e1psulas se transmitir\u00e1n todos los viernes en vivo a trav\u00e9s del Facebook\nMindep Magallanes y, en primera instancia y a la espera de sumar nuevas\ndisciplinas, estar\u00e1n enfocadas para personas que usen sillas de ruedas,\nrealizando una introducci\u00f3n a los dos deportes que se impartir\u00e1n para luego\nsubir la intensidad de los entrenamientos. <\/p>\n\n\n\n<p><br>\n\u201cPara el Ministerio del Deporte, y gracias al trabajo intersectorial que hemos\nrealizado con la mesa de deporte adaptado, es un gran avance poder realizar\nestas clases virtuales para acercar a las personas en situaci\u00f3n de discapacidad\na la pr\u00e1ctica de actividad f\u00edsica y deporte. Con esto deseamos dar un primer\npaso para ir sumando deportistas paral\u00edmpicos en la regi\u00f3n de Magallanes y as\u00ed,\na futuro, tener la posibilidad de contar con una amplia selecci\u00f3n regional\u201d,\nse\u00f1al\u00f3 la Seremi del Deporte, Odette Callahan.<\/p>\n\n\n\n<p>Adem\u00e1s, Marcelo Lorca, instructor que estar\u00e1 a cargo de clases de esgrima\nen silla de ruedas, se\u00f1al\u00f3 que \u201cla idea principal es hacer un grupo de\ndeportistas de esgrima paral\u00edmpicia que sean los iniciadores en nuestro pa\u00eds,\nya que en Chile no existe la pr\u00e1ctica de esgrima paral\u00edmpica. Por lo mismo, la\nFederaci\u00f3n Internacional de Esgrima Paral\u00edmpica busca potenciar en pa\u00edses como\nel nuestro la adaptaci\u00f3n de la esgrima y as\u00ed formar futuros campeones, por lo\nque con este programa queremos sacar futuros deportistas destacados e iniciar\neste trabajo en la regi\u00f3n. <\/p>\n\n\n\n<p>Estas clases de deporte adaptado se suman a la oferta program\u00e1tica que\ntiene #EntrenaEnCasa de lunes a jueves, donde, a trav\u00e9s de clases en vivo por\nFacebook, se abarcan disciplinas como yoga, baile entretenido, gap, hiit,\ncalistenia, acondicionamiento f\u00edsico funcional, entre otras. <\/p>\n","protected":false},"excerpt":{"rendered":"<p>El Ministerio del Deporte e Instituto Nacional de Deportes siguen ampliando las disciplinas del programa #EntrenaEnCasa y desde este viernes 5 de marzo, a contar de las 15:30 horas, comenzar\u00e1n&#8230; <a class=\"read-more\" href=\"https:\/\/www.radiopresidenteibanez.cl\/web\/mindep-e-ind-realizaran-clases-de-entrenaencasa-dirigidas-a-personas-en-situacion-de-discapacidad\/\">Leer m\u00e1s<\/a><\/p>\n","protected":false},"author":2,"featured_media":18935,"comment_status":"closed","ping_status":"closed","sticky":false,"template":"","format":"standard","meta":{"footnotes":""},"categories":[1],"tags":[],"class_list":["post-18934","post","type-post","status-publish","format-standard","has-post-thumbnail","hentry","category-cronica"],"_links":{"self":[{"href":"https:\/\/www.radiopresidenteibanez.cl\/web\/wp-json\/wp\/v2\/posts\/18934","targetHints":{"allow":["GET"]}}],"collection":[{"href":"https:\/\/www.radiopresidenteibanez.cl\/web\/wp-json\/wp\/v2\/posts"}],"about":[{"href":"https:\/\/www.radiopresidenteibanez.cl\/web\/wp-json\/wp\/v2\/types\/post"}],"author":[{"embeddable":true,"href":"https:\/\/www.radiopresidenteibanez.cl\/web\/wp-json\/wp\/v2\/users\/2"}],"replies":[{"embeddable":true,"href":"https:\/\/www.radiopresidenteibanez.cl\/web\/wp-json\/wp\/v2\/comments?post=18934"}],"version-history":[{"count":0,"href":"https:\/\/www.radiopresidenteibanez.cl\/web\/wp-json\/wp\/v2\/posts\/18934\/revisions"}],"wp:featuredmedia":[{"embeddable":true,"href":"https:\/\/www.radiopresidenteibanez.cl\/web\/wp-json\/wp\/v2\/media\/18935"}],"wp:attachment":[{"href":"https:\/\/www.radiopresidenteibanez.cl\/web\/wp-json\/wp\/v2\/media?parent=18934"}],"wp:term":[{"taxonomy":"category","embeddable":true,"href":"https:\/\/www.radiopresidenteibanez.cl\/web\/wp-json\/wp\/v2\/categories?post=18934"},{"taxonomy":"post_tag","embeddable":true,"href":"https:\/\/www.radiopresidenteibanez.cl\/web\/wp-json\/wp\/v2\/tags?post=18934"}],"curies":[{"name":"wp","href":"https:\/\/api.w.org\/{rel}","templated":true}]}}