{"id":18932,"date":"2021-03-03T13:55:15","date_gmt":"2021-03-03T13:55:15","guid":{"rendered":"https:\/\/www.radiopresidenteibanez.cl\/web\/?p=18932"},"modified":"2021-03-03T13:55:20","modified_gmt":"2021-03-03T13:55:20","slug":"seremi-del-trabajo-llamo-a-seguir-cumpliendo-protocolos-contra-el-covid-19-en-rubro-de-la-construccion","status":"publish","type":"post","link":"https:\/\/www.radiopresidenteibanez.cl\/web\/seremi-del-trabajo-llamo-a-seguir-cumpliendo-protocolos-contra-el-covid-19-en-rubro-de-la-construccion\/","title":{"rendered":"SEREMI DEL TRABAJO LLAM\u00d3 A SEGUIR CUMPLIENDO PROTOCOLOS CONTRA EL COVID-19 EN RUBRO DE LA CONSTRUCCI\u00d3N"},"content":{"rendered":"\n<p>A casi un a\u00f1o de la llegada del\nCovid-19 a la regi\u00f3n, la construcci\u00f3n, un sector clave para el desarrollo local,\ntuvo que adaptarse y reinventar sus procesos para funcionar, evitando al m\u00e1ximo\nposible contagios en los lugares de trabajo.<\/p>\n\n\n\n<p>Estas medidas preventivas tienen su\norigen en las definiciones de la autoridad sanitaria y, en particular, las del\nplan Paso a Paso Laboral, que fueron destacadas por la Seremi del Trabajo, la\ncual record\u00f3 la importancia de continuar manteniendo estos protocolos de\nseguridad para proteger a quienes se desempe\u00f1an en esta importante actividad\necon\u00f3mica.<\/p>\n\n\n\n<p>En palabras de la autoridad laboral,\nVictoria Cort\u00e9s, \u201cel sector de la construcci\u00f3n es clave para el desarrollo de\nnuestra regi\u00f3n y pa\u00eds y representa una fuente importante de empleos. Sin ir m\u00e1s\nlejos, a nivel regional tenemos un plan de obras p\u00fablicas en el que este rubro\npasa a ser clave en t\u00e9rminos laborales. Por lo mismo, tal como ha dicho nuestro\nsubsecretario a nivel central, resulta fundamental que se sigan tomando las\nmedidas para evitar cualquier riesgo en este \u00e1mbito y continuemos resguardando\nla salud y seguridad de los trabajadores\u201d.<\/p>\n\n\n\n<p>La autoridad se\u00f1al\u00f3 que, en\nMagallanes son m\u00e1s de 7.200 los trabajadores que se desempe\u00f1an en este rubro,\nseg\u00fan dato aportado por el Observatorio Laboral Magallanes (OLM). Por ello,\ntanto en la difusi\u00f3n de las medidas del Paso a Paso Laboral como en las\ncampa\u00f1as de prevenci\u00f3n del Covid o de prevenci\u00f3n estival, la Seremi, en\nconjunto con el Instituto de Seguridad Laboral (ISL) se han enfocado en este\nsector para entrega de recomendaciones y elementos de protecci\u00f3n personal.<\/p>\n\n\n\n<p>\u201cEn los \u00faltimos meses hemos llevado a\ncabo intensas campa\u00f1as de difusi\u00f3n de medidas de prevenci\u00f3n de accidentes del\ntrabajo y de combate del Coronavirus en diferentes rubros, como el comercio,\nservicios y el sector construcci\u00f3n. Al que, adem\u00e1s, hemos hecho entrega de\ndiferentes elementos de protecci\u00f3n personal para estos efectos, en el que nos\nhan acompa\u00f1ado diversas autoridades, entre ellas, la intendenta regional\u201d,\nexpres\u00f3 Cort\u00e9s.<\/p>\n\n\n\n<p>Creemos que estas campa\u00f1as han\ncontribuido a la disminuci\u00f3n de los focos de contagio en estos espacios de\ntrabajo, por lo que han sido muy relevantes para nosotros como Ministerio\u201d,\na\u00f1adi\u00f3 la Seremi.\n\nSeg\u00fan\nexpres\u00f3, en los pr\u00f3ximos d\u00edas se cerrar\u00e1 la campa\u00f1a de difusi\u00f3n y entrega de\nelementos de protecci\u00f3n apodada \u201cVerano Check\u201d del ISL. No obstante, el\nrecorrido y difusi\u00f3n del plan Paso a Paso Laboral continuar\u00e1 durante el primer\nsemestre del a\u00f1o con entrega de orientaci\u00f3n y medidas que las empresas deben\ncontinuar aplicando a fin de mantener a raya el Covid-19 y, a su vez, prevenir\naccidentes y enfermedades profesionales en la regi\u00f3n.\n\n\n\n<\/p>\n","protected":false},"excerpt":{"rendered":"<p>A casi un a\u00f1o de la llegada del Covid-19 a la regi\u00f3n, la construcci\u00f3n, un sector clave para el desarrollo local, tuvo que adaptarse y reinventar sus procesos para funcionar,&#8230; <a class=\"read-more\" href=\"https:\/\/www.radiopresidenteibanez.cl\/web\/seremi-del-trabajo-llamo-a-seguir-cumpliendo-protocolos-contra-el-covid-19-en-rubro-de-la-construccion\/\">Leer m\u00e1s<\/a><\/p>\n","protected":false},"author":2,"featured_media":18322,"comment_status":"closed","ping_status":"closed","sticky":false,"template":"","format":"standard","meta":{"footnotes":""},"categories":[1],"tags":[],"class_list":["post-18932","post","type-post","status-publish","format-standard","has-post-thumbnail","hentry","category-cronica"],"_links":{"self":[{"href":"https:\/\/www.radiopresidenteibanez.cl\/web\/wp-json\/wp\/v2\/posts\/18932","targetHints":{"allow":["GET"]}}],"collection":[{"href":"https:\/\/www.radiopresidenteibanez.cl\/web\/wp-json\/wp\/v2\/posts"}],"about":[{"href":"https:\/\/www.radiopresidenteibanez.cl\/web\/wp-json\/wp\/v2\/types\/post"}],"author":[{"embeddable":true,"href":"https:\/\/www.radiopresidenteibanez.cl\/web\/wp-json\/wp\/v2\/users\/2"}],"replies":[{"embeddable":true,"href":"https:\/\/www.radiopresidenteibanez.cl\/web\/wp-json\/wp\/v2\/comments?post=18932"}],"version-history":[{"count":0,"href":"https:\/\/www.radiopresidenteibanez.cl\/web\/wp-json\/wp\/v2\/posts\/18932\/revisions"}],"wp:featuredmedia":[{"embeddable":true,"href":"https:\/\/www.radiopresidenteibanez.cl\/web\/wp-json\/wp\/v2\/media\/18322"}],"wp:attachment":[{"href":"https:\/\/www.radiopresidenteibanez.cl\/web\/wp-json\/wp\/v2\/media?parent=18932"}],"wp:term":[{"taxonomy":"category","embeddable":true,"href":"https:\/\/www.radiopresidenteibanez.cl\/web\/wp-json\/wp\/v2\/categories?post=18932"},{"taxonomy":"post_tag","embeddable":true,"href":"https:\/\/www.radiopresidenteibanez.cl\/web\/wp-json\/wp\/v2\/tags?post=18932"}],"curies":[{"name":"wp","href":"https:\/\/api.w.org\/{rel}","templated":true}]}}