{"id":18930,"date":"2021-03-03T13:52:38","date_gmt":"2021-03-03T13:52:38","guid":{"rendered":"https:\/\/www.radiopresidenteibanez.cl\/web\/?p=18930"},"modified":"2021-03-03T13:52:44","modified_gmt":"2021-03-03T13:52:44","slug":"pulso-sindical-diario-de-la-cgt-chile-21","status":"publish","type":"post","link":"https:\/\/www.radiopresidenteibanez.cl\/web\/pulso-sindical-diario-de-la-cgt-chile-21\/","title":{"rendered":"PULSO SINDICAL DIARIO DE LA CGT CHILE"},"content":{"rendered":"\n<p>1.- El paro de actividades generalmente es la respuesta de los trabajadores en un proceso de negociaci\u00f3n colectiva, a lo que eufem\u00edsticamente se le llama huelga legal. Sostenemos que los trabajadores tienen la obligaci\u00f3n de educarse en sus derechos y es <\/p>\n\n\n\n<p>esa educaci\u00f3n la que les llevar\u00e1 a presentar sus demandas a\nlos patrones y si estas no son respondidas, tendr\u00e1n que hacer uso de la huelga\no el paro. Es el nivel de organizaci\u00f3n lo que permitir\u00e1 en alg\u00fan momento llegar\nal paro, sin tener que esperar se cumplan los plazos de los que habla la ley. <\/p>\n\n\n\n<p>Los trabajadores organizados, hombres y mujeres abusados en\nsus derechos, ser\u00e1n capaces de utilizar las herramientas que estimen\nconvenientes para que se les responda a sus demandas. <\/p>\n\n\n\n<p>En los inicios de nuestras luchas, la acci\u00f3n directa fue la\nherramienta de los trabajadores para demandar respuestas del capital.<\/p>\n\n\n\n<p>2.- La huelga general es la acci\u00f3n que en un pa\u00eds\ndeterminado, o en todos ellos al mismo tiempo, realizan todos los trabajadores\ncon el objetivo de demandar del Estado y de los patrones respuestas a sus\ndemandas. <\/p>\n\n\n\n<p>Aqu\u00ed no hay proceso de negociaci\u00f3n colectiva y s\u00f3lo es\nfactible su realizaci\u00f3n cuando todos los trabajadores &#8211; mujeres y hombres &#8211;\ncuentan con un alto nivel de organizaci\u00f3n y est\u00e1n dispuestos a ir a la huelga y\nsostenerla, hasta que sus demandas sean respondidas por los detentadores del\npoder. <\/p>\n\n\n\n<p>Estas huelgas generales son a\u00fan m\u00e1s efectivas si cuentan al\nmismo tiempo con el apoyo de las organizaciones y los partidos populares.\nMientras todo estos elementos no se conjuguen al mismo tiempo, ser\u00e1 muy\ntemprano para hablar de la huelga general.<\/p>\n\n\n\n<p>Lamentablemente se ha hecho una cuesti\u00f3n com\u00fan convocar a la\nhuelga general, desconociendo el nivel de organizaci\u00f3n de la clase trabajadora\ny, lo que es m\u00e1s grave, se utiliza dicha convocatoria para acompa\u00f1ar demandas y\naspiraciones que muchas veces ni siquiera son conocidas por todos los\nafectados. <\/p>\n\n\n\n<p>Para colmo de males, se demoniza a una u otra estructura\nexistente, a sabiendas de que las mismas no cuentan ni con las bases ni las\ncondiciones para convocar a una manifestaci\u00f3n cualquiera, que pueda inquietar\nal sistema. Resulta parad\u00f3jico demandar que tomen la batuta aquellos que\nclaramente le dieron la espalda a la clase.<\/p>\n\n\n\n<p>Dicho de forma clara y aunque moleste. O nos ponemos en el\nempe\u00f1o de educar a los trabajadores &#8211; hombres y mujeres &#8211; en sus derechos,\npromoviendo en todo lugar la construcci\u00f3n de sindicatos o el paro y la huelga\ngeneral seguir\u00e1n siendo sue\u00f1os inalcanzables.<\/p>\n","protected":false},"excerpt":{"rendered":"<p>1.- El paro de actividades generalmente es la respuesta de los trabajadores en un proceso de negociaci\u00f3n colectiva, a lo que eufem\u00edsticamente se le llama huelga legal. Sostenemos que los&#8230; <a class=\"read-more\" href=\"https:\/\/www.radiopresidenteibanez.cl\/web\/pulso-sindical-diario-de-la-cgt-chile-21\/\">Leer m\u00e1s<\/a><\/p>\n","protected":false},"author":2,"featured_media":14161,"comment_status":"closed","ping_status":"closed","sticky":false,"template":"","format":"standard","meta":{"footnotes":""},"categories":[1],"tags":[],"class_list":["post-18930","post","type-post","status-publish","format-standard","has-post-thumbnail","hentry","category-cronica"],"_links":{"self":[{"href":"https:\/\/www.radiopresidenteibanez.cl\/web\/wp-json\/wp\/v2\/posts\/18930","targetHints":{"allow":["GET"]}}],"collection":[{"href":"https:\/\/www.radiopresidenteibanez.cl\/web\/wp-json\/wp\/v2\/posts"}],"about":[{"href":"https:\/\/www.radiopresidenteibanez.cl\/web\/wp-json\/wp\/v2\/types\/post"}],"author":[{"embeddable":true,"href":"https:\/\/www.radiopresidenteibanez.cl\/web\/wp-json\/wp\/v2\/users\/2"}],"replies":[{"embeddable":true,"href":"https:\/\/www.radiopresidenteibanez.cl\/web\/wp-json\/wp\/v2\/comments?post=18930"}],"version-history":[{"count":0,"href":"https:\/\/www.radiopresidenteibanez.cl\/web\/wp-json\/wp\/v2\/posts\/18930\/revisions"}],"wp:featuredmedia":[{"embeddable":true,"href":"https:\/\/www.radiopresidenteibanez.cl\/web\/wp-json\/wp\/v2\/media\/14161"}],"wp:attachment":[{"href":"https:\/\/www.radiopresidenteibanez.cl\/web\/wp-json\/wp\/v2\/media?parent=18930"}],"wp:term":[{"taxonomy":"category","embeddable":true,"href":"https:\/\/www.radiopresidenteibanez.cl\/web\/wp-json\/wp\/v2\/categories?post=18930"},{"taxonomy":"post_tag","embeddable":true,"href":"https:\/\/www.radiopresidenteibanez.cl\/web\/wp-json\/wp\/v2\/tags?post=18930"}],"curies":[{"name":"wp","href":"https:\/\/api.w.org\/{rel}","templated":true}]}}