{"id":18926,"date":"2021-03-03T02:30:00","date_gmt":"2021-03-03T02:30:00","guid":{"rendered":"https:\/\/www.radiopresidenteibanez.cl\/web\/?p=18926"},"modified":"2021-03-02T19:10:57","modified_gmt":"2021-03-02T19:10:57","slug":"con-33-y-30-anos-de-servicios-se-acogen-a-jubilacion-conductor-del-samu-y-auxiliar-de-medico-quirurgico","status":"publish","type":"post","link":"https:\/\/www.radiopresidenteibanez.cl\/web\/con-33-y-30-anos-de-servicios-se-acogen-a-jubilacion-conductor-del-samu-y-auxiliar-de-medico-quirurgico\/","title":{"rendered":"CON 33 Y 30 A\u00d1OS DE SERVICIOS SE ACOGEN A JUBILACI\u00d3N CONDUCTOR DEL SAMU Y AUXILIAR DE M\u00c9DICO QUIR\u00daRGICO"},"content":{"rendered":"\n<p>Este lunes 1\nde marzo, fue el \u00faltimo d\u00eda laboral del conductor del SAMU, Jorge Maldonado y la\nauxiliar de Servicio de M\u00e9dico Quir\u00fargico, Edilia Vidal, quienes desempe\u00f1aron\nlabores en el Hospital Dr. Augusto Essmann Burgos por 33 y 30 a\u00f1os\nrespectivamente. Compa\u00f1eros de labores y directivos se organizaron para despedir\ncon muestras de cari\u00f1o y reconocimiento estos funcionarios que se acogieron a su\nretiro voluntario despu\u00e9s de muchos a\u00f1os al servicio de la salud p\u00fablica. <\/p>\n\n\n\n<p>Tal como explic\u00f3\nla subdirectora(s) de Gesti\u00f3n y Desarrollo de las Personas, Paulina Radich,\nambos funcionarios se acogieron a retiro voluntario, \u201choy es un d\u00eda emotivo, si\nbien estamos contentos porque tuvimos el gusto de conocer y trabajar con dos\ngrandes personas y con una tremenda vocaci\u00f3n de servicio y que hoy disfrutar\u00e1n\nde su merecida etapa de j\u00fabilo, por otra parte extra\u00f1aremos su calidad\nprofesional y humana\u201d, asegur\u00f3 la directivo. <\/p>\n\n\n\n<p>Por su parte\nel Director(s) del Hospital de Natales, Dr. Thomas Gallardo dijo: \u201cCon este\ngesto queremos reconocer y valorar el trabajo realizado por dos funcionarios\np\u00fablicos de salud, que dedicaron m\u00e1s de 30 a\u00f1os de su vida a atender las\nnecesidades de salud de la poblaci\u00f3n de \u00daltima Esperanza. Hoy hacemos un alto\nen las labores para reconocer el trabajo realizado y la vocaci\u00f3n con que han\ncumplido con la labor encomendada\u201d. <\/p>\n\n\n\n<p>Con gran emoci\u00f3n,\nJorge Maldonado, se despidi\u00f3 de cada uno de sus compa\u00f1eros del SAMU, \u201cfui conductor\ndel Hospital de Natales por m\u00e1s de 30 a\u00f1os y hoy me despido de mi querido SAMU\ny compa\u00f1eros, siempre hice el trabajo con gusto disfrut\u00e9 cada d\u00eda atendiendo a las\nnecesidades de salud de la comunidad. Estoy feliz de todo el cari\u00f1o recibido por\nmis compa\u00f1eros, me voy feliz por el reconocimiento\u201d. <\/p>\n\n\n\n<p>Asimismo, Edilia\nVidal, agradeci\u00f3 las muestras de cari\u00f1o, \u201cestos 30 a\u00f1os pasaron muy r\u00e1pido,\nsiempre disfrut\u00e9 mi trabajo, atender a los pacientes de mi servicio me hac\u00eda\nmuy feliz. Agradezco, este reconocimiento, si bien hoy me jubilo, siempre me\nsentir\u00e9 parte del Hospital de Natales\u201d. &nbsp;<\/p>\n","protected":false},"excerpt":{"rendered":"<p>Este lunes 1 de marzo, fue el \u00faltimo d\u00eda laboral del conductor del SAMU, Jorge Maldonado y la auxiliar de Servicio de M\u00e9dico Quir\u00fargico, Edilia Vidal, quienes desempe\u00f1aron labores en&#8230; <a class=\"read-more\" href=\"https:\/\/www.radiopresidenteibanez.cl\/web\/con-33-y-30-anos-de-servicios-se-acogen-a-jubilacion-conductor-del-samu-y-auxiliar-de-medico-quirurgico\/\">Leer m\u00e1s<\/a><\/p>\n","protected":false},"author":2,"featured_media":18927,"comment_status":"closed","ping_status":"closed","sticky":false,"template":"","format":"standard","meta":{"footnotes":""},"categories":[1],"tags":[],"class_list":["post-18926","post","type-post","status-publish","format-standard","has-post-thumbnail","hentry","category-cronica"],"_links":{"self":[{"href":"https:\/\/www.radiopresidenteibanez.cl\/web\/wp-json\/wp\/v2\/posts\/18926","targetHints":{"allow":["GET"]}}],"collection":[{"href":"https:\/\/www.radiopresidenteibanez.cl\/web\/wp-json\/wp\/v2\/posts"}],"about":[{"href":"https:\/\/www.radiopresidenteibanez.cl\/web\/wp-json\/wp\/v2\/types\/post"}],"author":[{"embeddable":true,"href":"https:\/\/www.radiopresidenteibanez.cl\/web\/wp-json\/wp\/v2\/users\/2"}],"replies":[{"embeddable":true,"href":"https:\/\/www.radiopresidenteibanez.cl\/web\/wp-json\/wp\/v2\/comments?post=18926"}],"version-history":[{"count":0,"href":"https:\/\/www.radiopresidenteibanez.cl\/web\/wp-json\/wp\/v2\/posts\/18926\/revisions"}],"wp:featuredmedia":[{"embeddable":true,"href":"https:\/\/www.radiopresidenteibanez.cl\/web\/wp-json\/wp\/v2\/media\/18927"}],"wp:attachment":[{"href":"https:\/\/www.radiopresidenteibanez.cl\/web\/wp-json\/wp\/v2\/media?parent=18926"}],"wp:term":[{"taxonomy":"category","embeddable":true,"href":"https:\/\/www.radiopresidenteibanez.cl\/web\/wp-json\/wp\/v2\/categories?post=18926"},{"taxonomy":"post_tag","embeddable":true,"href":"https:\/\/www.radiopresidenteibanez.cl\/web\/wp-json\/wp\/v2\/tags?post=18926"}],"curies":[{"name":"wp","href":"https:\/\/api.w.org\/{rel}","templated":true}]}}