{"id":18923,"date":"2021-03-03T02:15:00","date_gmt":"2021-03-03T02:15:00","guid":{"rendered":"https:\/\/www.radiopresidenteibanez.cl\/web\/?p=18923"},"modified":"2021-03-02T19:09:14","modified_gmt":"2021-03-02T19:09:14","slug":"ministra-marta-jimena-pinto-asume-por-tercera-vez-presidencia-de-la-corte-de-apelaciones","status":"publish","type":"post","link":"https:\/\/www.radiopresidenteibanez.cl\/web\/ministra-marta-jimena-pinto-asume-por-tercera-vez-presidencia-de-la-corte-de-apelaciones\/","title":{"rendered":"MINISTRA MARTA JIMENA PINTO ASUME POR TERCERA VEZ PRESIDENCIA DE LA CORTE DE APELACIONES"},"content":{"rendered":"\n<p>En una ceremonia online, con asistencia de autoridades\nregionales y funcionarios del Poder Judicial, la ministra Marta Jimena Pinto\ninici\u00f3 su tercer per\u00edodo como presidenta de la Corte de Apelaciones de Punta\nArenas, cargo que rota una vez al a\u00f1o entre los integrantes del tribunal de\nalzada y que ya hab\u00eda ejercido en 2011 y 2017. <\/p>\n\n\n\n<p>En su saludo a los asistentes, la ministra Pinto agradeci\u00f3\nla labor de su colega V\u00edctor Stenger como cabeza de la jurisdicci\u00f3n durante\n2020, a\u00f1o de la pandemia. \u201cSiguiendo el ejemplo del presidente Stenger, este\na\u00f1o nos abocaremos a la contingencia, pues vivimos un per\u00edodo de incertidumbre\nen el que cada uno de nosotros se pregunta qu\u00e9 va a pasar, si vamos a poder\nreunirnos con los lejanos, si vamos a tener salud y tantas otras inquietudes\u201d,\ncoment\u00f3. \u201cPor la experiencia vivida, es dif\u00edcil planificar a largo plazo pero\npondr\u00e9 mis mejores energ\u00edas en desarrollar mi funci\u00f3n, en lo que espero contar\ncon la colaboraci\u00f3n de todos, as\u00ed como tendr\u00e1n la m\u00eda\u201d, indic\u00f3 la nueva\npresidenta.<\/p>\n\n\n\n<p>En la actividad, adem\u00e1s, la ministra tom\u00f3 juramento al\nabogado integrante Rolando Lizana, quien fue nombrado por decreto ministerial\npara desempe\u00f1arse durante 2021.<\/p>\n\n\n\n<p>Nacida en Temuco, abogada de la Universidad de Chile, la\nministra Pinto ingres\u00f3 al Poder Judicial en 1972 sirviendo en diversos cargos\ndurante tres d\u00e9cadas. Fue relatora en las cortes de San Miguel y Santiago,\njueza del Cuarto Juzgado Civil de Santiago, y relatora interina, suplente y ad\nhoc en la Corte Suprema, adem\u00e1s de fiscala judicial en los tribunales de alzada\nde Rancagua y Santiago.<\/p>\n\n\n\n<p>A Punta Arenas lleg\u00f3 en 2010 tras ser nombrada&nbsp; ministra de la Corte de Apelaciones. Un a\u00f1o\ndespu\u00e9s, fue designada ministra en visita para el conocimiento de la causa de\nsecuestro de menor de edad (caso Harex), designaci\u00f3n que se mantiene hasta hoy,\nal igual que la de ministra en visita extraordinaria para el conocimiento de\ncausas de personas v\u00edctimas de vulneraciones a los derechos humanos.<\/p>\n\n\n\n<p>Es mag\u00edster en derecho por la Universidad de Chile y doctora\nen Derecho por la Pontificia Universidad Cat\u00f3lica de Valpara\u00edso, con la tesis\n\u201cEl ejercicio de los derechos procesales del ni\u00f1o en la justicia de familia\nchilena\u201d. Tambi\u00e9n public\u00f3 el libro infantil \u201cDoctor Green\u201d, que aborda en la\nConvenci\u00f3n sobre los Derechos del Ni\u00f1o, as\u00ed como diversos art\u00edculos en revistas\nacad\u00e9micas.<\/p>\n","protected":false},"excerpt":{"rendered":"<p>En una ceremonia online, con asistencia de autoridades regionales y funcionarios del Poder Judicial, la ministra Marta Jimena Pinto inici\u00f3 su tercer per\u00edodo como presidenta de la Corte de Apelaciones&#8230; <a class=\"read-more\" href=\"https:\/\/www.radiopresidenteibanez.cl\/web\/ministra-marta-jimena-pinto-asume-por-tercera-vez-presidencia-de-la-corte-de-apelaciones\/\">Leer m\u00e1s<\/a><\/p>\n","protected":false},"author":2,"featured_media":18924,"comment_status":"closed","ping_status":"closed","sticky":false,"template":"","format":"standard","meta":{"footnotes":""},"categories":[1],"tags":[],"class_list":["post-18923","post","type-post","status-publish","format-standard","has-post-thumbnail","hentry","category-cronica"],"_links":{"self":[{"href":"https:\/\/www.radiopresidenteibanez.cl\/web\/wp-json\/wp\/v2\/posts\/18923","targetHints":{"allow":["GET"]}}],"collection":[{"href":"https:\/\/www.radiopresidenteibanez.cl\/web\/wp-json\/wp\/v2\/posts"}],"about":[{"href":"https:\/\/www.radiopresidenteibanez.cl\/web\/wp-json\/wp\/v2\/types\/post"}],"author":[{"embeddable":true,"href":"https:\/\/www.radiopresidenteibanez.cl\/web\/wp-json\/wp\/v2\/users\/2"}],"replies":[{"embeddable":true,"href":"https:\/\/www.radiopresidenteibanez.cl\/web\/wp-json\/wp\/v2\/comments?post=18923"}],"version-history":[{"count":0,"href":"https:\/\/www.radiopresidenteibanez.cl\/web\/wp-json\/wp\/v2\/posts\/18923\/revisions"}],"wp:featuredmedia":[{"embeddable":true,"href":"https:\/\/www.radiopresidenteibanez.cl\/web\/wp-json\/wp\/v2\/media\/18924"}],"wp:attachment":[{"href":"https:\/\/www.radiopresidenteibanez.cl\/web\/wp-json\/wp\/v2\/media?parent=18923"}],"wp:term":[{"taxonomy":"category","embeddable":true,"href":"https:\/\/www.radiopresidenteibanez.cl\/web\/wp-json\/wp\/v2\/categories?post=18923"},{"taxonomy":"post_tag","embeddable":true,"href":"https:\/\/www.radiopresidenteibanez.cl\/web\/wp-json\/wp\/v2\/tags?post=18923"}],"curies":[{"name":"wp","href":"https:\/\/api.w.org\/{rel}","templated":true}]}}