{"id":18910,"date":"2021-03-02T15:45:00","date_gmt":"2021-03-02T15:45:00","guid":{"rendered":"https:\/\/www.radiopresidenteibanez.cl\/web\/?p=18910"},"modified":"2021-03-01T23:18:47","modified_gmt":"2021-03-01T23:18:47","slug":"servicio-de-salud-implemento-plataformas-tecnologicas-para-mejorar-gestion-en-red-en-medio-de-la-pandemia","status":"publish","type":"post","link":"https:\/\/www.radiopresidenteibanez.cl\/web\/servicio-de-salud-implemento-plataformas-tecnologicas-para-mejorar-gestion-en-red-en-medio-de-la-pandemia\/","title":{"rendered":"SERVICIO DE SALUD IMPLEMENT\u00d3 PLATAFORMAS TECNOL\u00d3GICAS PARA MEJORAR GESTI\u00d3N EN RED EN MEDIO DE LA PANDEMIA"},"content":{"rendered":"\n<p>La pandemia del COVID-19 trajo consigo variados desaf\u00edos a la\ngesti\u00f3n de salud, y en el \u00e1mbito tecnol\u00f3gico. Por ello, el Servicio de Salud\nMagallanes apost\u00f3 por diversas plataformas tecnol\u00f3gicas en beneficio de la\ncomunidad y trabajo de la Red Integrada.<\/p>\n\n\n\n<p>Uno de los avances m\u00e1s significativos que se implement\u00f3 el a\u00f1o\npasado internamente, fue la plataforma Dashboard (Cuadro de Mando) que\nevoluciona finalmente en \u201cToma de Muestra Covid Regional\u201d, que consiste en que\ntodos los entes involucrados tengan acceso al control y gesti\u00f3n de los\nlaboratorios y resultados. Adem\u00e1s del trabajo en conjunto con el Ministerio de\nSalud, para conocer c\u00f3mo evoluciona la pandemia en Magallanes, con la finalidad\nde entregar todo su apoyo en caso de ser necesario.<\/p>\n\n\n\n<p>Esta importante plataforma, considera, adem\u00e1s, tablas y gr\u00e1ficos\npara la toma de decisiones entre los equipos directivos. <\/p>\n\n\n\n<p>\u201cEste proceso y la pandemia nos ha forzado a tener un importante\ncrecimiento tecnol\u00f3gico, debido a que es de vital importancia contar con\ninformaci\u00f3n en tiempo real para la toma de decisiones. Esto tambi\u00e9n queda en\nevidencia de que todas las entidades se han visto beneficiadas por esta\nimportante labor que han realizado los diversos equipos de las tecnolog\u00edas de\nla informaci\u00f3n en nuestro pa\u00eds\u201d, se\u00f1ala el jefe del Departamento de TIC,\nRicardo Toledo. <\/p>\n\n\n\n<p>De igual forma y basados en los requerimientos de acceso a la\ninformaci\u00f3n por parte de la comunidad, se desarroll\u00f3 la Plataforma Portal\nPacientes, destinado a informar a los usuarios el resultado de la toma de\nmuestra para SARS-CoV-2, accediendo en l\u00ednea a la descarga de su resultado,\nmediante su RUN y clave \u00fanica. Adem\u00e1s de ello, el Departamento TIC se debi\u00f3\nadecuar a los nuevos requerimientos, implementando puestos de trabajo remoto\nenlazados a servidores centrales del Ministerio de Salud. <\/p>\n\n\n\n<p>Esto permiti\u00f3 dar al teletrabajo un dinamismo impensado de manera\npresencial, lo que se reflej\u00f3 en grandes avances y cambios en hacer seguimiento\ny gesti\u00f3n de procesos o hitos cr\u00edticos en pandemia.<\/p>\n\n\n\n<p>\u201cDespu\u00e9s incursionamos en el desarrollo de otro proceso que ha tenido\nun importante impacto en la comunidad magall\u00e1nica, y es que todas las personas\ncon resultado negativo, reciben su respuesta a trav\u00e9s de un mensaje de texto en\nsu tel\u00e9fono de contacto al entregar en el momento del examen. Este resultado se\nenv\u00eda de manera inmediata posterior a la validaci\u00f3n del Laboratorio que proces\u00f3\nla muestra\u201d, agreg\u00f3 Toledo.<\/p>\n\n\n\n<p><strong>Gesti\u00f3n de\ncamas <\/strong><\/p>\n\n\n\n<p>Desde febrero de 2020, el\nServicio de Salud Magallanes, se reuni\u00f3 con todos los establecimientos p\u00fablicos\ny privados de la regi\u00f3n a fin de trabajar en Red Integrada, siendo el Hospital\nCl\u00ednico de Magallanes el centro de referencia para los pacientes COVID-19.<\/p>\n\n\n\n<p>Sobre esta premisa, este\na\u00f1o el Departamento de Tecnolog\u00eda de la Informaci\u00f3n y Comunicaciones (TIC)\nimplement\u00f3 la Plataforma de Gesti\u00f3n de Camas, con informaci\u00f3n en tiempo real y datos\nrelevantes para conocer el estado de disponibilidad de camas en todos los\nestablecimientos que componen la Red Integrada. <\/p>\n\n\n\n<p>El desarrollo de este\ntrabajo ha permitido entregar informaci\u00f3n monitoreo y seguimiento a la hora de\nla toma de decisiones en cuanto a la dotaci\u00f3n de camas cr\u00edticas. Plataforma que\ntoma mayor realce dada la condici\u00f3n geogr\u00e1fica de la Regi\u00f3n de Magallanes. <\/p>\n","protected":false},"excerpt":{"rendered":"<p>La pandemia del COVID-19 trajo consigo variados desaf\u00edos a la gesti\u00f3n de salud, y en el \u00e1mbito tecnol\u00f3gico. Por ello, el Servicio de Salud Magallanes apost\u00f3 por diversas plataformas tecnol\u00f3gicas&#8230; <a class=\"read-more\" href=\"https:\/\/www.radiopresidenteibanez.cl\/web\/servicio-de-salud-implemento-plataformas-tecnologicas-para-mejorar-gestion-en-red-en-medio-de-la-pandemia\/\">Leer m\u00e1s<\/a><\/p>\n","protected":false},"author":2,"featured_media":57,"comment_status":"closed","ping_status":"closed","sticky":false,"template":"","format":"standard","meta":{"footnotes":""},"categories":[1],"tags":[],"class_list":["post-18910","post","type-post","status-publish","format-standard","has-post-thumbnail","hentry","category-cronica"],"_links":{"self":[{"href":"https:\/\/www.radiopresidenteibanez.cl\/web\/wp-json\/wp\/v2\/posts\/18910","targetHints":{"allow":["GET"]}}],"collection":[{"href":"https:\/\/www.radiopresidenteibanez.cl\/web\/wp-json\/wp\/v2\/posts"}],"about":[{"href":"https:\/\/www.radiopresidenteibanez.cl\/web\/wp-json\/wp\/v2\/types\/post"}],"author":[{"embeddable":true,"href":"https:\/\/www.radiopresidenteibanez.cl\/web\/wp-json\/wp\/v2\/users\/2"}],"replies":[{"embeddable":true,"href":"https:\/\/www.radiopresidenteibanez.cl\/web\/wp-json\/wp\/v2\/comments?post=18910"}],"version-history":[{"count":0,"href":"https:\/\/www.radiopresidenteibanez.cl\/web\/wp-json\/wp\/v2\/posts\/18910\/revisions"}],"wp:featuredmedia":[{"embeddable":true,"href":"https:\/\/www.radiopresidenteibanez.cl\/web\/wp-json\/wp\/v2\/media\/57"}],"wp:attachment":[{"href":"https:\/\/www.radiopresidenteibanez.cl\/web\/wp-json\/wp\/v2\/media?parent=18910"}],"wp:term":[{"taxonomy":"category","embeddable":true,"href":"https:\/\/www.radiopresidenteibanez.cl\/web\/wp-json\/wp\/v2\/categories?post=18910"},{"taxonomy":"post_tag","embeddable":true,"href":"https:\/\/www.radiopresidenteibanez.cl\/web\/wp-json\/wp\/v2\/tags?post=18910"}],"curies":[{"name":"wp","href":"https:\/\/api.w.org\/{rel}","templated":true}]}}