{"id":18907,"date":"2021-03-02T03:30:00","date_gmt":"2021-03-02T03:30:00","guid":{"rendered":"https:\/\/www.radiopresidenteibanez.cl\/web\/?p=18907"},"modified":"2021-03-01T23:16:05","modified_gmt":"2021-03-01T23:16:05","slug":"seremis-de-la-mujer-y-justicia-presentaron-campana-que-promueve-la-denuncia-de-casos-de-violencia-de-genero-en-zonas-rurales","status":"publish","type":"post","link":"https:\/\/www.radiopresidenteibanez.cl\/web\/seremis-de-la-mujer-y-justicia-presentaron-campana-que-promueve-la-denuncia-de-casos-de-violencia-de-genero-en-zonas-rurales\/","title":{"rendered":"SEREMIS DE LA MUJER Y JUSTICIA PRESENTARON CAMPA\u00d1A QUE PROMUEVE LA DENUNCIA DE CASOS DE VIOLENCIA DE G\u00c9NERO EN ZONAS RURALES"},"content":{"rendered":"\n<p>El Ministerio de la Mujer y Equidad de G\u00e9nero, junto a la Subsecretar\u00eda de Derechos Humanos y ONU Mujeres,&nbsp;est\u00e1n realizando&nbsp;una campa\u00f1a informativa con foco en zonas rurales y\/o de baja densidad poblacional, para promover que, tanto las mujeres como la comunidad, conozcan los canales formales de denuncia y c\u00f3mo estos funcionan al momento de enfrentar un caso de violencia&nbsp;contra la mujer.&nbsp;<\/p>\n\n\n\n<p>En el marco de dicha campa\u00f1a la Seremi de la Mujer y la Equidad de G\u00e9nero, Daisy Carrera Ocaranza comenz\u00f3 un recorrido por las comunas rurales de la regi\u00f3n para dar a conocer e implementar la iniciativa.&nbsp; La primera comuna visitada fue San Gregorio&nbsp;en donde se sostuvo una reuni\u00f3n informativa con el alcalde Edgar C\u00e1rcamo y la Directora de Administraci\u00f3n y Finanzas&nbsp;Ana Mar\u00eda D\u00edaz.&nbsp;<\/p>\n\n\n\n<p>La iniciativa&nbsp;se denomina \u201cCont\u00e9moslo,&nbsp;apoy\u00e9monos,&nbsp;denunciemos la&nbsp;violencia contra la&nbsp;mujer\u201d, y busca incentivar las denuncias&nbsp;que afecten a mujeres en&nbsp;estas zonas.&nbsp;Durante 2020, a\u00f1o marcado por la pandemia, las denuncias policiales por violencia&nbsp;contra la mujer&nbsp;disminuyeron, pero aumentaron los llamados al 1455. El hecho de que muchas mujeres que sufren violencia tuvieran que convivir d\u00eda y noche con su agresor, dificult\u00f3 la posibilidad de denunciar.&nbsp;<\/p>\n\n\n\n<p>La&nbsp;Seremi de la Mujer y Equidad de G\u00e9nero,&nbsp;Daisy Carrera dijo que&nbsp;\u201ces importante que podamos llegar a todos los rincones de nuestra regi\u00f3n y que las mujeres sepan que existen canales de ayuda y que a pesar de encontrarse en sectores m\u00e1s alejados no est\u00e1n solas\u201d.&nbsp;<\/p>\n\n\n\n<p>En tanto el&nbsp;Seremi de Justicia y Derechos Humanos,&nbsp;Crist\u00f3bal Fern\u00e1ndez&nbsp;dijo que es importante conocer los canales de&nbsp;informaci\u00f3n y&nbsp;denuncia porque la violencia contra las mujeres tambi\u00e9n es un atentado contra los Derechos Humanos.&nbsp;<\/p>\n\n\n\n<p>Por su parte el Alcalde de San Gregorio, Edgar C\u00e1rcamo agradeci\u00f3 la visita de las autoridades y se\u00f1al\u00f3 que es importante potenciar y conocer las medidas para facilitar las denuncias frente a situaciones de violencia contra la mujer.&nbsp;<\/p>\n\n\n\n<p>&nbsp;Esta campa\u00f1a busca concientizar sobre la relevancia de denunciar casos de violencia contra las mujeres, considerando que durante el a\u00f1o pasado un 21% de las mujeres entre 15 y 65 a\u00f1os se\u00f1al\u00f3 haber sufrido alg\u00fan tipo de violencia durante los \u00faltimos 12 meses, con prevalencia de los casos de violencia psicol\u00f3gica; y donde 9 regiones presentaron variaciones estad\u00edsticamente significativas.&nbsp;<\/p>\n\n\n\n<p>Las medidas de confinamiento por la pandemia han significado una mayor exposici\u00f3n a la violencia&nbsp;contra la mujer&nbsp;e implican mayores dificultades para denunciar y acudir a un lugar seguro.&nbsp;<\/p>\n\n\n\n<p>Las denuncias por violencia contra las mujeres se realizan en Carabineros, PDI, Ministerio P\u00fablico o en el sitio de Fiscal\u00eda (En el carrusel del sitio\u202f<a href=\"https:\/\/ddhh.minjusticia.gob.cl\/www.fiscaliadechile.cl\" target=\"_blank\" rel=\"noreferrer noopener\">www.fiscaliadechile.cl<\/a>). Este \u00faltimo, cuenta con un formulario especial habilitado para recibir denuncias en contexto de pandemia, con el objetivo de prestar apoyo a mujeres que no puedan salir de sus hogares.&nbsp;<\/p>\n\n\n\n<p>La Seremi de la Mujer Daisy Carrera viaj\u00f3 a Tierra del Fuego donde sostuvo reuniones con la Gobernadora Margarita Norambuena y la Alcaldesa de Porvenir, Marisol Andrade.&nbsp;&nbsp;Adem\u00e1s&nbsp;visit\u00f3 la Tenencia de Carabineros de Cerro Sombrero para dar a conocer esta campa\u00f1a.&nbsp;<\/p>\n","protected":false},"excerpt":{"rendered":"<p>El Ministerio de la Mujer y Equidad de G\u00e9nero, junto a la Subsecretar\u00eda de Derechos Humanos y ONU Mujeres,&nbsp;est\u00e1n realizando&nbsp;una campa\u00f1a informativa con foco en zonas rurales y\/o de baja&#8230; <a class=\"read-more\" href=\"https:\/\/www.radiopresidenteibanez.cl\/web\/seremis-de-la-mujer-y-justicia-presentaron-campana-que-promueve-la-denuncia-de-casos-de-violencia-de-genero-en-zonas-rurales\/\">Leer m\u00e1s<\/a><\/p>\n","protected":false},"author":2,"featured_media":18908,"comment_status":"closed","ping_status":"closed","sticky":false,"template":"","format":"standard","meta":{"footnotes":""},"categories":[1],"tags":[],"class_list":["post-18907","post","type-post","status-publish","format-standard","has-post-thumbnail","hentry","category-cronica"],"_links":{"self":[{"href":"https:\/\/www.radiopresidenteibanez.cl\/web\/wp-json\/wp\/v2\/posts\/18907","targetHints":{"allow":["GET"]}}],"collection":[{"href":"https:\/\/www.radiopresidenteibanez.cl\/web\/wp-json\/wp\/v2\/posts"}],"about":[{"href":"https:\/\/www.radiopresidenteibanez.cl\/web\/wp-json\/wp\/v2\/types\/post"}],"author":[{"embeddable":true,"href":"https:\/\/www.radiopresidenteibanez.cl\/web\/wp-json\/wp\/v2\/users\/2"}],"replies":[{"embeddable":true,"href":"https:\/\/www.radiopresidenteibanez.cl\/web\/wp-json\/wp\/v2\/comments?post=18907"}],"version-history":[{"count":0,"href":"https:\/\/www.radiopresidenteibanez.cl\/web\/wp-json\/wp\/v2\/posts\/18907\/revisions"}],"wp:featuredmedia":[{"embeddable":true,"href":"https:\/\/www.radiopresidenteibanez.cl\/web\/wp-json\/wp\/v2\/media\/18908"}],"wp:attachment":[{"href":"https:\/\/www.radiopresidenteibanez.cl\/web\/wp-json\/wp\/v2\/media?parent=18907"}],"wp:term":[{"taxonomy":"category","embeddable":true,"href":"https:\/\/www.radiopresidenteibanez.cl\/web\/wp-json\/wp\/v2\/categories?post=18907"},{"taxonomy":"post_tag","embeddable":true,"href":"https:\/\/www.radiopresidenteibanez.cl\/web\/wp-json\/wp\/v2\/tags?post=18907"}],"curies":[{"name":"wp","href":"https:\/\/api.w.org\/{rel}","templated":true}]}}