{"id":18905,"date":"2021-03-02T03:15:00","date_gmt":"2021-03-02T03:15:00","guid":{"rendered":"https:\/\/www.radiopresidenteibanez.cl\/web\/?p=18905"},"modified":"2021-03-01T23:10:43","modified_gmt":"2021-03-01T23:10:43","slug":"autoridades-dan-inicio-oficial-a-un-ano-escolar-2021-que-estara-marcado-por-un-retorno-a-clases-seguro-y-flexible","status":"publish","type":"post","link":"https:\/\/www.radiopresidenteibanez.cl\/web\/autoridades-dan-inicio-oficial-a-un-ano-escolar-2021-que-estara-marcado-por-un-retorno-a-clases-seguro-y-flexible\/","title":{"rendered":"AUTORIDADES DAN INICIO OFICIAL A UN A\u00d1O ESCOLAR 2021 QUE ESTAR\u00c1 MARCADO POR UN RETORNO A CLASES SEGURO Y FLEXIBLE"},"content":{"rendered":"\n<p>La\u00a0<strong>Escuela Especial de Lenguaje \u201cNuevo Sol\u201d<\/strong>\u00a0de Punta Arenas, y con la presencia del seremi de Educaci\u00f3n Rodrigo Sep\u00falveda Tagle, el intendente Regional (S) Alejandro V\u00e1squez, Seremi de Salud Eduardo Castillo y de Gobierno Alejandra Mu\u00f1oz, se dio inicio oficial al a\u00f1o escolar 2021 en la regi\u00f3n de Magallanes.<\/p>\n\n\n\n<p>La jornada de clases se inici\u00f3 puntualmente a eso de las 8:00 horas, cuando el establecimiento educacional particular subvencionado abri\u00f3 sus puertas para recibir a las y los estudiantes de entre 3 y 5 a\u00f1os que fueron los primeros en iniciar clases presenciales este a\u00f1o en nuestra regi\u00f3n.&nbsp;<br><br>\u201cPara nosotros es importante, que como Gobierno y tal como lo ha dicho el presidente Sebasti\u00e1n Pi\u00f1era y nuestro ministro, que las escuelas deben estar abiertas. En la regi\u00f3n hoy entraron 6 establecimientos a clases presenciales, los cuales han tenido una muy buena respuesta. Hemos estado hablando con los sostenedores, los directores y los alcaldes. En Primavera tuvimos casi un 100%b de asistencia tanto en el jard\u00edn infantil como en la escuela. En esta escuela de lenguaje Nuevo Sol hemos tenido una motivaci\u00f3n extra, porque en este tipo de escuela la clase presencial es super importante. La comunicaci\u00f3n entre el docente y el alumno son parte importante del proceso de trabajo a largo tiempo, que la directora junto a las educadoras de esta escuela ha estado desarrollando dese hace muchos a\u00f1os\u201d, recalc\u00f3 el&nbsp;<strong>Seremi de Educaci\u00f3n Rodrigo Sep\u00falveda Tagle.<\/strong><\/p>\n\n\n\n<p>Junto a lo anterior, Sep\u00falveda tambi\u00e9n quiso entregar un mensaje a los apoderados. \u201cQueremos repetir a los padres y apoderados que la clase presencial es irreemplazable, y cada familia de manera flexible y gradual podr\u00e1 traer a sus hijos a la sala de clases. Vamos a tratar de que lo antes posible tengamos al 100% de nuestros alumnos en clases presenciales\u201d, continu\u00f3 mientras recorr\u00eda las dependencias de esta escuela de lenguaje.&nbsp;&nbsp;&nbsp;&nbsp;&nbsp;&nbsp;&nbsp;&nbsp;&nbsp;&nbsp;<\/p>\n\n\n\n<p>Por su parte, el&nbsp;<strong>intendente Regional (S) Alejandro V\u00e1squez<\/strong>, dijo estar muy contento de encontrarse en esta escuela la que tuvo la oportunidad de recorrer y confirmar que \u201cest\u00e1 cumpliendo con todas las normas sanitarias que existen, lo que ha permitido que se tenga una respuesta muy favorable en asistencia. Conversamos con algunos apoderados y nos quedamos tranquilos de saber que ellos han respondido de manera favorable. Este es un proceso gradual, y como autoridad estamos preocupados de que todos los establecimientos cumplan las normativa vigente que permita proteger a nuestros ni\u00f1os y j\u00f3venes\u201d.<\/p>\n\n\n\n<p>Finalmente, el\u00a0<strong>Seremi de Salud (S) Eduardo Castillo<\/strong>\u00a0dijo que \u201csalud est\u00e1 haciendo un trabajo en paralelo que es principalmente de acompa\u00f1amiento de los establecimientos educacionales para implementar sus protocolos y orientar en estos primeros d\u00edas a la implementaci\u00f3n de todas estas medidas e iniciar luego la fiscalizaci\u00f3n de estos procesos. En paralelo, esta semana esperamos concluir el proceso de vacunaci\u00f3n en primera dosis de todos los funcionarios de la educaci\u00f3n escolares y preescolares en Punta Arenas que se est\u00e1 llevando a cabo en la Escuela Hernando de Magallanes y en el resto de las comunas en los lugares habituales de vacunaci\u00f3n\u201d, agreg\u00f3.<\/p>\n\n\n\n<p><br><strong>Medidas para un retorno seguro\u00a0\u00a0\u00a0\u00a0\u00a0\u00a0\u00a0\u00a0\u00a0\u00a0\u00a0\u00a0<\/strong><\/p>\n\n\n\n<p>La visita a la escuela de lenguaje \u201cNuevo Sol\u201d, fue dirigida por su&nbsp;<strong>directora, Paola Cardemil,<\/strong>&nbsp;quien destac\u00f3 el trabajo llevado a cabo por su equipo durante el 2020. \u201cTras el incesante trabajo del a\u00f1o pasado, el que debimos llevar a cabo siempre y sin descanso, tuvimos la necesidad de regresar a clases de manera presencial, aunque fuera en forma individual. Nos preparamos para esto y gracias a Dios hemos tenido el apoyo de nuestros funcionarios para poder habilitar la escuela en forma \u00f3ptima y poder recibir a toda nuestra comunidad educativa\u201d, destac\u00f3.<\/p>\n\n\n\n<p>La escuela trabajar\u00e1 en horarios, con 2 horas en cada grupo, que permitir\u00e1 hacer la inducci\u00f3n a las nuevas medidas sanitarias. La pr\u00f3xima semana ser\u00e1 de evaluaci\u00f3n fonoaudiol\u00f3gica. \u201cEn cada sala tenemos una capacidad de 15 ni\u00f1os, pero el aforo lo hemos trabajado con la autoridad sanitaria para garantizar el resguardo de nuestros ni\u00f1os\u201d, agreg\u00f3. &nbsp;&nbsp;&nbsp;&nbsp;<br><br>De esta forma, se pudo apreciar el cumplimiento de las directrices anunciadas por el Ministerio de Educaci\u00f3n, que ha puesto \u00e9nfasis en que el retorno este a\u00f1o ser\u00e1 gradual, seguro y flexible, y que los padres y apoderados son los que deben decidir de forma voluntaria si quieren que sus hijos retomen las clases presenciales.<\/p>\n","protected":false},"excerpt":{"rendered":"<p>La\u00a0Escuela Especial de Lenguaje \u201cNuevo Sol\u201d\u00a0de Punta Arenas, y con la presencia del seremi de Educaci\u00f3n Rodrigo Sep\u00falveda Tagle, el intendente Regional (S) Alejandro V\u00e1squez, Seremi de Salud Eduardo Castillo&#8230; <a class=\"read-more\" href=\"https:\/\/www.radiopresidenteibanez.cl\/web\/autoridades-dan-inicio-oficial-a-un-ano-escolar-2021-que-estara-marcado-por-un-retorno-a-clases-seguro-y-flexible\/\">Leer m\u00e1s<\/a><\/p>\n","protected":false},"author":2,"featured_media":0,"comment_status":"closed","ping_status":"closed","sticky":false,"template":"","format":"standard","meta":{"footnotes":""},"categories":[1],"tags":[],"class_list":["post-18905","post","type-post","status-publish","format-standard","hentry","category-cronica"],"_links":{"self":[{"href":"https:\/\/www.radiopresidenteibanez.cl\/web\/wp-json\/wp\/v2\/posts\/18905","targetHints":{"allow":["GET"]}}],"collection":[{"href":"https:\/\/www.radiopresidenteibanez.cl\/web\/wp-json\/wp\/v2\/posts"}],"about":[{"href":"https:\/\/www.radiopresidenteibanez.cl\/web\/wp-json\/wp\/v2\/types\/post"}],"author":[{"embeddable":true,"href":"https:\/\/www.radiopresidenteibanez.cl\/web\/wp-json\/wp\/v2\/users\/2"}],"replies":[{"embeddable":true,"href":"https:\/\/www.radiopresidenteibanez.cl\/web\/wp-json\/wp\/v2\/comments?post=18905"}],"version-history":[{"count":0,"href":"https:\/\/www.radiopresidenteibanez.cl\/web\/wp-json\/wp\/v2\/posts\/18905\/revisions"}],"wp:attachment":[{"href":"https:\/\/www.radiopresidenteibanez.cl\/web\/wp-json\/wp\/v2\/media?parent=18905"}],"wp:term":[{"taxonomy":"category","embeddable":true,"href":"https:\/\/www.radiopresidenteibanez.cl\/web\/wp-json\/wp\/v2\/categories?post=18905"},{"taxonomy":"post_tag","embeddable":true,"href":"https:\/\/www.radiopresidenteibanez.cl\/web\/wp-json\/wp\/v2\/tags?post=18905"}],"curies":[{"name":"wp","href":"https:\/\/api.w.org\/{rel}","templated":true}]}}