{"id":18902,"date":"2021-03-02T03:00:00","date_gmt":"2021-03-02T03:00:00","guid":{"rendered":"https:\/\/www.radiopresidenteibanez.cl\/web\/?p=18902"},"modified":"2021-03-01T23:08:07","modified_gmt":"2021-03-01T23:08:07","slug":"ministerio-de-desarrollo-social-y-familia-capacito-a-funcionarios-publicos-de-magallanes-sobre-uso-de-plataforma-de-gestion","status":"publish","type":"post","link":"https:\/\/www.radiopresidenteibanez.cl\/web\/ministerio-de-desarrollo-social-y-familia-capacito-a-funcionarios-publicos-de-magallanes-sobre-uso-de-plataforma-de-gestion\/","title":{"rendered":"MINISTERIO DE DESARROLLO SOCIAL Y FAMILIA CAPACIT\u00d3 A FUNCIONARIOS P\u00daBLICOS DE MAGALLANES SOBRE USO DE PLATAFORMA DE GESTI\u00d3N"},"content":{"rendered":"\n<p>Cerca de 30 funcionarios p\u00fablicos de Magallanes fueron capacitados de forma online por profesionales del Ministerio de Desarrollo Social y Familia con el objetivo de reforzar los conocimientos sobre el funcionamiento de la plataforma denominada Sistema Gesti\u00f3n de Convenios (SIGEC).<\/p>\n\n\n\n<p>SIGEC es una plataforma inform\u00e1tica a cargo del Ministerio de Desarrollo Social y Familia destinada a gestionar los diversos programas que cuentan con transferencia de recursos econ\u00f3micos a trav\u00e9s de convenios hacia otros ministerios, SEREMIS, municipios y servicios p\u00fablicos.<\/p>\n\n\n\n<p>A este sistema acceden todos los usuarios involucrados en cada programa a nivel nacional, regional y comunal, por ello la capacitaci\u00f3n tuvo la finalidad de explicar los conocimientos conceptuales y t\u00e9cnicos de esta herramienta que permite realizar de manera r\u00e1pida y simple seguimientos presupuestarios de las actividades, adem\u00e1s de generar informaci\u00f3n relevante para la toma de decisiones a nivel estrat\u00e9gico y operativo.<\/p>\n\n\n\n<p>Para la Seremi de Desarrollo Social y Familia de Magallanes subrogante, Catalina Alarc\u00f3n, \u201cesta plataforma contribuye a que nuestro ministerio est\u00e9 en conocimiento sobre el alcance de cada uno de los programas del pa\u00eds, para poder controlar en detalle los recursos que se destinan. Por ello, es una gran oportunidad que los funcionarios y funcionarias de la regi\u00f3n se hayan capacitado sobre este importante instrumento que nos permite, en concreto, detectar los niveles de avance, cumplimiento de actividades y compromisos establecidos respecto a cada uno los programas que se ejecutan\u201d.<\/p>\n\n\n\n<p>Esta actividad contempl\u00f3 la participaci\u00f3n de profesionales de distintas comunas de la regi\u00f3n que intervienen como Encargados(as) Regionales, de Asistencia T\u00e9cnica o en calidad de Ejecutores de Programas, como: Familias, V\u00ednculos, Abriendo Caminos, Calle, Noche Digna, Elige Vivir Sano, Registro Social de Hogares (RSH), Habitabilidad, entre otros.<\/p>\n","protected":false},"excerpt":{"rendered":"<p>Cerca de 30 funcionarios p\u00fablicos de Magallanes fueron capacitados de forma online por profesionales del Ministerio de Desarrollo Social y Familia con el objetivo de reforzar los conocimientos sobre el&#8230; <a class=\"read-more\" href=\"https:\/\/www.radiopresidenteibanez.cl\/web\/ministerio-de-desarrollo-social-y-familia-capacito-a-funcionarios-publicos-de-magallanes-sobre-uso-de-plataforma-de-gestion\/\">Leer m\u00e1s<\/a><\/p>\n","protected":false},"author":2,"featured_media":18903,"comment_status":"closed","ping_status":"closed","sticky":false,"template":"","format":"standard","meta":{"footnotes":""},"categories":[1],"tags":[],"class_list":["post-18902","post","type-post","status-publish","format-standard","has-post-thumbnail","hentry","category-cronica"],"_links":{"self":[{"href":"https:\/\/www.radiopresidenteibanez.cl\/web\/wp-json\/wp\/v2\/posts\/18902","targetHints":{"allow":["GET"]}}],"collection":[{"href":"https:\/\/www.radiopresidenteibanez.cl\/web\/wp-json\/wp\/v2\/posts"}],"about":[{"href":"https:\/\/www.radiopresidenteibanez.cl\/web\/wp-json\/wp\/v2\/types\/post"}],"author":[{"embeddable":true,"href":"https:\/\/www.radiopresidenteibanez.cl\/web\/wp-json\/wp\/v2\/users\/2"}],"replies":[{"embeddable":true,"href":"https:\/\/www.radiopresidenteibanez.cl\/web\/wp-json\/wp\/v2\/comments?post=18902"}],"version-history":[{"count":0,"href":"https:\/\/www.radiopresidenteibanez.cl\/web\/wp-json\/wp\/v2\/posts\/18902\/revisions"}],"wp:featuredmedia":[{"embeddable":true,"href":"https:\/\/www.radiopresidenteibanez.cl\/web\/wp-json\/wp\/v2\/media\/18903"}],"wp:attachment":[{"href":"https:\/\/www.radiopresidenteibanez.cl\/web\/wp-json\/wp\/v2\/media?parent=18902"}],"wp:term":[{"taxonomy":"category","embeddable":true,"href":"https:\/\/www.radiopresidenteibanez.cl\/web\/wp-json\/wp\/v2\/categories?post=18902"},{"taxonomy":"post_tag","embeddable":true,"href":"https:\/\/www.radiopresidenteibanez.cl\/web\/wp-json\/wp\/v2\/tags?post=18902"}],"curies":[{"name":"wp","href":"https:\/\/api.w.org\/{rel}","templated":true}]}}