{"id":18899,"date":"2021-03-02T02:45:00","date_gmt":"2021-03-02T02:45:00","guid":{"rendered":"https:\/\/www.radiopresidenteibanez.cl\/web\/?p=18899"},"modified":"2021-03-01T23:05:01","modified_gmt":"2021-03-01T23:05:01","slug":"con-la-entrega-de-diplomas-de-participacion-finalizo-el-programa-vinculos-en-puerto-natales","status":"publish","type":"post","link":"https:\/\/www.radiopresidenteibanez.cl\/web\/con-la-entrega-de-diplomas-de-participacion-finalizo-el-programa-vinculos-en-puerto-natales\/","title":{"rendered":"CON LA ENTREGA DE DIPLOMAS DE PARTICIPACI\u00d3N FINALIZ\u00d3 EL PROGRAMA V\u00cdNCULOS EN PUERTO NATALES"},"content":{"rendered":"\n<p>Hasta diversos\nhogares de Natales lleg\u00f3 el alcalde de la comuna, Fernando Paredes Mansilla\njunto a la gobernadora de \u00daltima Esperanza, Ericka Far\u00edas, para hacer entrega\nde un diploma a los adultos mayores que participaron del Programa V\u00ednculos.<\/p>\n\n\n\n<p>Este programa\ncuenta con la asesor\u00eda t\u00e9cnica del Servicio Nacional del Adulto Mayor y busca\ngenerar un acompa\u00f1amiento para conectar a los Adultos Mayores con Redes Familiares y Servicios, entregando nuevas\noportunidades de protecci\u00f3n y vinculaci\u00f3n.<\/p>\n\n\n\n<p>El alcalde de\nNatales, se\u00f1al\u00f3 que \u201cestos son los programas que hay que mantener en el tiempo\nporque los valora mucho la gente, y creo que este programa nos ha dado resultados\nmuy positivos. Los adultos mayores entienden que lo mejor que les puede pasar\nes estar en el Programa V\u00ednculos porque les cambia la vida, finalmente de eso\nse trata, cambiar la vida a nuestra gente y que ellos se sientan protegidos\u201d.<\/p>\n\n\n\n<p>Por su parte,\nla gobernadora de la provincia de \u00daltima Esperanza, Ericka Far\u00edas, destac\u00f3 que\neste es un programa que entrega mucha ayuda y apoyo a los adultos mayores,\n\u201cmucha de las personas usuarias de este programa tambi\u00e9n son usuarios de otros\nprogramas y esto es s\u00faper importante, porque ac\u00e1 se demuestra que el Estado le\nentrega una principal atenci\u00f3n a los adultos mayores\u201d.<\/p>\n\n\n\n<p>Finalmente, el\njefe comunal, recalc\u00f3 el trabajo realizado por los funcionarios del Programa\nV\u00ednculos durante la pandemia. \u201cHubo una gran responsabilidad de Deysi G\u00f3mez con\nsu equipo de poder adaptarse a una nueva modalidad, y creo que ellos han\ngenerado una gran experiencia en este tema, pero lo m\u00e1s importante es que pese\na estar en pandemia nuestros adultos mayores no se sientan solos\u201d.<\/p>\n\n\n\n<p>Cada programa\ntiene una duraci\u00f3n de dos a\u00f1os y est\u00e1 destinado a personas mayores de 65 a\u00f1os que\nvivan solos o con otro adulto mayor en situaci\u00f3n de vulnerabilidad. &nbsp;<\/p>\n","protected":false},"excerpt":{"rendered":"<p>Hasta diversos hogares de Natales lleg\u00f3 el alcalde de la comuna, Fernando Paredes Mansilla junto a la gobernadora de \u00daltima Esperanza, Ericka Far\u00edas, para hacer entrega de un diploma a&#8230; <a class=\"read-more\" href=\"https:\/\/www.radiopresidenteibanez.cl\/web\/con-la-entrega-de-diplomas-de-participacion-finalizo-el-programa-vinculos-en-puerto-natales\/\">Leer m\u00e1s<\/a><\/p>\n","protected":false},"author":2,"featured_media":18900,"comment_status":"closed","ping_status":"closed","sticky":false,"template":"","format":"standard","meta":{"footnotes":""},"categories":[1],"tags":[],"class_list":["post-18899","post","type-post","status-publish","format-standard","has-post-thumbnail","hentry","category-cronica"],"_links":{"self":[{"href":"https:\/\/www.radiopresidenteibanez.cl\/web\/wp-json\/wp\/v2\/posts\/18899","targetHints":{"allow":["GET"]}}],"collection":[{"href":"https:\/\/www.radiopresidenteibanez.cl\/web\/wp-json\/wp\/v2\/posts"}],"about":[{"href":"https:\/\/www.radiopresidenteibanez.cl\/web\/wp-json\/wp\/v2\/types\/post"}],"author":[{"embeddable":true,"href":"https:\/\/www.radiopresidenteibanez.cl\/web\/wp-json\/wp\/v2\/users\/2"}],"replies":[{"embeddable":true,"href":"https:\/\/www.radiopresidenteibanez.cl\/web\/wp-json\/wp\/v2\/comments?post=18899"}],"version-history":[{"count":0,"href":"https:\/\/www.radiopresidenteibanez.cl\/web\/wp-json\/wp\/v2\/posts\/18899\/revisions"}],"wp:featuredmedia":[{"embeddable":true,"href":"https:\/\/www.radiopresidenteibanez.cl\/web\/wp-json\/wp\/v2\/media\/18900"}],"wp:attachment":[{"href":"https:\/\/www.radiopresidenteibanez.cl\/web\/wp-json\/wp\/v2\/media?parent=18899"}],"wp:term":[{"taxonomy":"category","embeddable":true,"href":"https:\/\/www.radiopresidenteibanez.cl\/web\/wp-json\/wp\/v2\/categories?post=18899"},{"taxonomy":"post_tag","embeddable":true,"href":"https:\/\/www.radiopresidenteibanez.cl\/web\/wp-json\/wp\/v2\/tags?post=18899"}],"curies":[{"name":"wp","href":"https:\/\/api.w.org\/{rel}","templated":true}]}}