{"id":18896,"date":"2021-03-02T02:30:00","date_gmt":"2021-03-02T02:30:00","guid":{"rendered":"https:\/\/www.radiopresidenteibanez.cl\/web\/?p=18896"},"modified":"2021-03-01T22:59:05","modified_gmt":"2021-03-01T22:59:05","slug":"mop-ejecuta-obras-de-ampliacion-y-remodelacion-del-jardin-infantil-vientos-del-sur","status":"publish","type":"post","link":"https:\/\/www.radiopresidenteibanez.cl\/web\/mop-ejecuta-obras-de-ampliacion-y-remodelacion-del-jardin-infantil-vientos-del-sur\/","title":{"rendered":"MOP EJECUTA OBRAS DE AMPLIACI\u00d3N Y REMODELACI\u00d3N DEL JARD\u00cdN INFANTIL VIENTOS DEL SUR"},"content":{"rendered":"\n<p>La Direcci\u00f3n de Arquitectura\ndel Ministerio de Obras P\u00fablicas (MOP), se encuentra ejecutando las obras de\nnormalizaci\u00f3n y mejoramiento del jard\u00edn infantil de Integra, Vientos del Sur,\nubicado en Avenida Eduardo Frei Montalva 0936.<\/p>\n\n\n\n<p>\u201cSe trata de un proyecto que\ncubre la brecha en infraestructura educativa para infantes de la ciudad de\nPunta Arenas, dado el aumento de la demanda; aportando con ello espacios de\ncalidad, seguros, funcionales y de \u00f3ptimo confort para los m\u00e1s peque\u00f1os y\npeque\u00f1as\u201d, se\u00f1al\u00f3 el Seremi de Obras P\u00fablicas, Pablo Rendoll, destacando que el\nrecinto educacional beneficia a 36 lactantes y a 192 p\u00e1rvulos. <\/p>\n\n\n\n<p>En este sentido, explic\u00f3 el\nDirector Regional de Arquitectura, Patricio Hormazabal, que el proyecto incluye\nla ampliaci\u00f3n de la superficie del recinto existente, redistribuci\u00f3n de\nespacios en base a la edificaci\u00f3n existente, normalizaci\u00f3n de instalaciones\nb\u00e1sicas con la inclusi\u00f3n de un mejoramiento estructural, incorporaci\u00f3n de un\nequipamiento nuevo acorde a los est\u00e1ndares de la educaci\u00f3n preescolar, \u00e1reas de\nesparcimiento exteriores, juegos infantiles y adaptaci\u00f3n de los espacios en el\nmarco de la normativa de accesibilidad universal.<\/p>\n\n\n\n<p>La iniciativa, que considera\nuna superficie de 1.019 metros cuadrados, presenta un 14 por ciento de avance a\nla fecha, estim\u00e1ndose su conclusi\u00f3n para el segundo semestre de 2021.<\/p>\n\n\n\n<p>El proyecto considera una\ninversi\u00f3n de $1.395.715.382, con financiamiento del mandante, el Gobierno\nRegional (GORE).<\/p>\n","protected":false},"excerpt":{"rendered":"<p>La Direcci\u00f3n de Arquitectura del Ministerio de Obras P\u00fablicas (MOP), se encuentra ejecutando las obras de normalizaci\u00f3n y mejoramiento del jard\u00edn infantil de Integra, Vientos del Sur, ubicado en Avenida&#8230; <a class=\"read-more\" href=\"https:\/\/www.radiopresidenteibanez.cl\/web\/mop-ejecuta-obras-de-ampliacion-y-remodelacion-del-jardin-infantil-vientos-del-sur\/\">Leer m\u00e1s<\/a><\/p>\n","protected":false},"author":2,"featured_media":18897,"comment_status":"closed","ping_status":"closed","sticky":false,"template":"","format":"standard","meta":{"footnotes":""},"categories":[1],"tags":[],"class_list":["post-18896","post","type-post","status-publish","format-standard","has-post-thumbnail","hentry","category-cronica"],"_links":{"self":[{"href":"https:\/\/www.radiopresidenteibanez.cl\/web\/wp-json\/wp\/v2\/posts\/18896","targetHints":{"allow":["GET"]}}],"collection":[{"href":"https:\/\/www.radiopresidenteibanez.cl\/web\/wp-json\/wp\/v2\/posts"}],"about":[{"href":"https:\/\/www.radiopresidenteibanez.cl\/web\/wp-json\/wp\/v2\/types\/post"}],"author":[{"embeddable":true,"href":"https:\/\/www.radiopresidenteibanez.cl\/web\/wp-json\/wp\/v2\/users\/2"}],"replies":[{"embeddable":true,"href":"https:\/\/www.radiopresidenteibanez.cl\/web\/wp-json\/wp\/v2\/comments?post=18896"}],"version-history":[{"count":0,"href":"https:\/\/www.radiopresidenteibanez.cl\/web\/wp-json\/wp\/v2\/posts\/18896\/revisions"}],"wp:featuredmedia":[{"embeddable":true,"href":"https:\/\/www.radiopresidenteibanez.cl\/web\/wp-json\/wp\/v2\/media\/18897"}],"wp:attachment":[{"href":"https:\/\/www.radiopresidenteibanez.cl\/web\/wp-json\/wp\/v2\/media?parent=18896"}],"wp:term":[{"taxonomy":"category","embeddable":true,"href":"https:\/\/www.radiopresidenteibanez.cl\/web\/wp-json\/wp\/v2\/categories?post=18896"},{"taxonomy":"post_tag","embeddable":true,"href":"https:\/\/www.radiopresidenteibanez.cl\/web\/wp-json\/wp\/v2\/tags?post=18896"}],"curies":[{"name":"wp","href":"https:\/\/api.w.org\/{rel}","templated":true}]}}