{"id":18893,"date":"2021-03-02T02:15:00","date_gmt":"2021-03-02T02:15:00","guid":{"rendered":"https:\/\/www.radiopresidenteibanez.cl\/web\/?p=18893"},"modified":"2021-03-01T22:53:41","modified_gmt":"2021-03-01T22:53:41","slug":"ante-leyes-de-fomento-falta-de-claridad-de-hacienda-preocupa-a-industriales-de-tierra-del-fuego","status":"publish","type":"post","link":"https:\/\/www.radiopresidenteibanez.cl\/web\/ante-leyes-de-fomento-falta-de-claridad-de-hacienda-preocupa-a-industriales-de-tierra-del-fuego\/","title":{"rendered":"ANTE LEYES DE FOMENTO: FALTA DE CLARIDAD DE HACIENDA PREOCUPA A INDUSTRIALES DE TIERRA DEL FUEGO"},"content":{"rendered":"\n<p>Con especial atenci\u00f3n, la Asociaci\u00f3n Gremial de Industriales de Tierra del Fuego y Navarino, se refiri\u00f3 a la creaci\u00f3n -por parte del Ministerio de Hacienda- de un comit\u00e9 de expertos, entidad encargada de \u201crevisar\u201d todas las leyes de excepci\u00f3n en Magallanes.&nbsp; Mauricio Inostroza, presidente de la Asociaci\u00f3n Gremial manifest\u00f3 su preocupaci\u00f3n frente a algunas opiniones negativas en relaci\u00f3n a algunos instrumentos de excepci\u00f3n agravado por la falta de inter\u00e9s sobre temas geopol\u00edticos. \u00abJustamente la creaci\u00f3n de estas normas para zonas extremas, por ejemplo, la misma Ley Navarino, tienen como origen y fuente material,&nbsp;razones geopol\u00edticas, necesidad de poblamiento y establecimiento, adem\u00e1s del fomento de desarrollo industrial.<br><\/p>\n\n\n\n<p>La Asociaci\u00f3n de Industriales representa a 10 empresas de los m\u00e1s diversos rubros, pesquero, forestal, textil y ganadero y generando alrededor de 1.000 empleos directos (solo de los asociados), a los que debe sumarse todo el empleo indirecto que se genera. En tal sentido, una de las actividades que absorbe mayor actividad y puestos de trabajo es la pesca artesanal, precisamente gracias al establecimiento de industrias pesqueras en la zona.<\/p>\n\n\n\n<p>Adem\u00e1s de la actividad desarrollada en torno a los Industriales de Tierra del Fuego y Navarino, se suman empresas de gran relevancia, que no exist\u00edan hace dos d\u00e9cadas, como es el caso del Barrio Industrial en Porvenir, con inversiones millonarias en infraestructura y proyectos de desarrollo que no podr\u00edan existir sin normativas de excepci\u00f3n, debido a las evidentes dificultades log\u00edsticas y con ello de mayores costos que se generan al estar instalados en zonas tan australes del pa\u00eds. Para los industriales es inviable un futuro sin estas leyes.&nbsp;\u201cPara las cientos de familias que se han instalado en Tierra del Fuego y Navarino y que dependen de estas normativas para mantener sus fuentes de trabajo se abre un espacio de gran incertidumbre. Pero sobre esto, los detractores a las leyes de fomento no se pronuncian\u201d, se\u00f1al\u00f3 el l\u00edder de los industriales.<\/p>\n\n\n\n<p>Inostroza destac\u00f3 que, \u00aba pesar de las complejidades del 2020, desde el sur del Estrecho de Magallanes,&nbsp; hemos seguido dando empleo, oportunidades de desarrollo y hemos concretado nuevos proyectos que dan oportunidades a muchas personas y sus familias. Por ello, estaremos muy atentos al desarrollo de esta comisi\u00f3n y por sobre todo a las voluntades pol\u00edticas sobre estas leyes. Las autoridades centrales saben o deben saber que en Magallanes nuestros intereses se defienden y ser\u00e1n defendidos\u00bb, concluy\u00f3.&nbsp;<\/p>\n","protected":false},"excerpt":{"rendered":"<p>Con especial atenci\u00f3n, la Asociaci\u00f3n Gremial de Industriales de Tierra del Fuego y Navarino, se refiri\u00f3 a la creaci\u00f3n -por parte del Ministerio de Hacienda- de un comit\u00e9 de expertos,&#8230; <a class=\"read-more\" href=\"https:\/\/www.radiopresidenteibanez.cl\/web\/ante-leyes-de-fomento-falta-de-claridad-de-hacienda-preocupa-a-industriales-de-tierra-del-fuego\/\">Leer m\u00e1s<\/a><\/p>\n","protected":false},"author":2,"featured_media":18894,"comment_status":"closed","ping_status":"closed","sticky":false,"template":"","format":"standard","meta":{"footnotes":""},"categories":[1],"tags":[],"class_list":["post-18893","post","type-post","status-publish","format-standard","has-post-thumbnail","hentry","category-cronica"],"_links":{"self":[{"href":"https:\/\/www.radiopresidenteibanez.cl\/web\/wp-json\/wp\/v2\/posts\/18893","targetHints":{"allow":["GET"]}}],"collection":[{"href":"https:\/\/www.radiopresidenteibanez.cl\/web\/wp-json\/wp\/v2\/posts"}],"about":[{"href":"https:\/\/www.radiopresidenteibanez.cl\/web\/wp-json\/wp\/v2\/types\/post"}],"author":[{"embeddable":true,"href":"https:\/\/www.radiopresidenteibanez.cl\/web\/wp-json\/wp\/v2\/users\/2"}],"replies":[{"embeddable":true,"href":"https:\/\/www.radiopresidenteibanez.cl\/web\/wp-json\/wp\/v2\/comments?post=18893"}],"version-history":[{"count":0,"href":"https:\/\/www.radiopresidenteibanez.cl\/web\/wp-json\/wp\/v2\/posts\/18893\/revisions"}],"wp:featuredmedia":[{"embeddable":true,"href":"https:\/\/www.radiopresidenteibanez.cl\/web\/wp-json\/wp\/v2\/media\/18894"}],"wp:attachment":[{"href":"https:\/\/www.radiopresidenteibanez.cl\/web\/wp-json\/wp\/v2\/media?parent=18893"}],"wp:term":[{"taxonomy":"category","embeddable":true,"href":"https:\/\/www.radiopresidenteibanez.cl\/web\/wp-json\/wp\/v2\/categories?post=18893"},{"taxonomy":"post_tag","embeddable":true,"href":"https:\/\/www.radiopresidenteibanez.cl\/web\/wp-json\/wp\/v2\/tags?post=18893"}],"curies":[{"name":"wp","href":"https:\/\/api.w.org\/{rel}","templated":true}]}}