{"id":18888,"date":"2021-03-01T03:15:00","date_gmt":"2021-03-01T03:15:00","guid":{"rendered":"https:\/\/www.radiopresidenteibanez.cl\/web\/?p=18888"},"modified":"2021-02-28T22:16:24","modified_gmt":"2021-02-28T22:16:24","slug":"nuestro-modo-de-vida-en-magallanes","status":"publish","type":"post","link":"https:\/\/www.radiopresidenteibanez.cl\/web\/nuestro-modo-de-vida-en-magallanes\/","title":{"rendered":"\u00abNUESTRO MODO DE VIDA EN MAGALLANES\u00bb"},"content":{"rendered":"\n<p>En este momento, en todo Chile,\nse despliegan esfuerzos mancomunados para avanzar en la vacunaci\u00f3n Covid. Salvo\nun par de desaciertos por parte de alcaldes, que no cumplieron el calendario de\nvacunaciones, el proceso ha sido ejemplar. Destacado y reconocido\ntransversalmente.<\/p>\n\n\n\n<p>&nbsp;&nbsp;&nbsp;&nbsp;&nbsp;&nbsp;&nbsp;&nbsp;&nbsp;&nbsp;&nbsp;&nbsp;&nbsp;&nbsp;&nbsp;&nbsp;&nbsp;&nbsp;&nbsp;&nbsp;&nbsp;&nbsp;&nbsp;&nbsp;&nbsp;&nbsp;&nbsp; Pareciera\nque ya se empieza a ver la luz al final del t\u00fanel. Y en buena hora, ya que la\nsecuela de fallecidos, y personas enfermas, ha golpeado el coraz\u00f3n de miles de\nfamilias por todo el territorio. Pero, no s\u00f3lo eso, la pandemia ha destruido\nemprendimientos y empleos, ha generado sobre endeudamiento de los hogares, y\nmillones de afiliados a las AFP, han tenido que recurrir a sus ahorros, para\nsobrevivir. Seg\u00fan los informes estad\u00edsticos del INE del mes de febrero, a nivel\nnacional la tasa de desempleo llega a 10,2%, corresponde al trimestre m\u00f3vil\nnoviembre 2020-enero 2021. Esta cifra corresponde a 985 mil personas\ndesempleadas. Asimismo, existen dos millones 199 mil personas, con empleo\ninformal. La desocupaci\u00f3n de mujeres supera a la de hombres, con un 11% versus\nun 9,7%. Estas cifras del nivel nacional, se explican por fuertes contracciones\nen Alojamiento y servicio de comidas con un -32,3%. Agricultura y pesca con un\n-22,3%. Comercio con un -9,1%. <\/p>\n\n\n\n<p>&nbsp;&nbsp;&nbsp;&nbsp;&nbsp;&nbsp;&nbsp;&nbsp;&nbsp;&nbsp;&nbsp;&nbsp;&nbsp;&nbsp;&nbsp;&nbsp;&nbsp;&nbsp;&nbsp;&nbsp;&nbsp;&nbsp;&nbsp;&nbsp;&nbsp;&nbsp;&nbsp; En\nnuestra regi\u00f3n de Magallanes, caracterizada por un mercado laboral con pleno\nempleo, por mas de una d\u00e9cada. Tambi\u00e9n se ha producido un aumento del\ndesempleo. La tasa de desocupaci\u00f3n fue 5,5%, aumentando 1,9 pp., respecto a\nid\u00e9ntico trimestre m\u00f3vil del a\u00f1o 2019; debido al descenso de la fuerza de\ntrabajo (-10,3%) y a la disminuci\u00f3n de los ocupados (-12,1%). En tanto, los\ndesocupados registraron un alza de 37,2%. La fuerza de trabajo en magallanes es\nde 86,870 personas, de los cuales se encuentran Ocupados 82,080 personas, y\ndesocupados 4,790 personas. <\/p>\n\n\n\n<p>&nbsp;&nbsp;&nbsp;&nbsp;&nbsp;&nbsp;&nbsp;&nbsp;&nbsp;&nbsp;&nbsp;&nbsp;&nbsp;&nbsp;&nbsp;&nbsp;&nbsp;&nbsp;&nbsp;&nbsp;&nbsp;&nbsp;&nbsp;&nbsp;&nbsp;&nbsp;&nbsp; Las\ncifras de actividad econ\u00f3mica, de los distintos sectores productivos, est\u00e1n en\nl\u00ednea con las cifras de desempleo. As\u00ed vemos, que las cifras de ventas de\nsupermercados en el mes de enero de 2021, de acuerdo al \u00cdndice de Ventas de\nSupermercados (ISUP) a precios constantes de la Regi\u00f3n de Magallanes, registr\u00f3\nun descenso de -15,7%, en relaci\u00f3n al mismo mes del a\u00f1o anterior; reflejando\nuna disminuci\u00f3n en el consumo interno. <\/p>\n\n\n\n<p>&nbsp;&nbsp;&nbsp;&nbsp;&nbsp;&nbsp;&nbsp;&nbsp;&nbsp;&nbsp;&nbsp;&nbsp;&nbsp;&nbsp;&nbsp;&nbsp;&nbsp;&nbsp;&nbsp;&nbsp;&nbsp;&nbsp;&nbsp;&nbsp;&nbsp;&nbsp;&nbsp;&nbsp;&nbsp; El sector\npecuario, durante el mes enero de 2021, las cifras de beneficio de ganado ovino\ny bovino, disminuyen en -34,9%, respecto del n\u00famero de animales sacrificados a\nenero de 2020. Del mismo modo, se reduce la producci\u00f3n de carne ovina y bovina,\nen un -29,8%, comparado con enero 2020.<\/p>\n\n\n\n<p>&nbsp;&nbsp;&nbsp;&nbsp;&nbsp;&nbsp;&nbsp;&nbsp;&nbsp;&nbsp;&nbsp;&nbsp;&nbsp;&nbsp;&nbsp;&nbsp;&nbsp;&nbsp;&nbsp;&nbsp;&nbsp;&nbsp;&nbsp;&nbsp;&nbsp;&nbsp;&nbsp;&nbsp;&nbsp; El sector\nhotelero y residencial, de acuerdo a la Encuesta de alojamiento tur\u00edstico, en\ndiciembre de 2020 se registraron 4.084 pernoctaciones en la Regi\u00f3n de Magallanes,\nlo que representa una disminuci\u00f3n de -95,6% en doce meses.<\/p>\n\n\n\n<p>&nbsp;&nbsp;&nbsp;&nbsp;&nbsp;&nbsp;&nbsp;&nbsp;&nbsp;&nbsp;&nbsp;&nbsp;&nbsp;&nbsp;&nbsp;&nbsp;&nbsp;&nbsp;&nbsp;&nbsp;&nbsp;&nbsp;&nbsp;&nbsp;&nbsp;&nbsp;&nbsp; &nbsp;Las \u00fanicas actividades econ\u00f3micas, dentro de\naquellos declaradas esenciales, que tuvieron desempe\u00f1os positivos en la regi\u00f3n\nde Magallanes, son la Pesca y la Exportaci\u00f3n. <\/p>\n\n\n\n<p>&nbsp;&nbsp;&nbsp;&nbsp;&nbsp;&nbsp;&nbsp;&nbsp;&nbsp;&nbsp;&nbsp;&nbsp;&nbsp;&nbsp;&nbsp;&nbsp; &nbsp;&nbsp;&nbsp;&nbsp;&nbsp;&nbsp;&nbsp;&nbsp;&nbsp;&nbsp;&nbsp;&nbsp;En el sector Pesca en diciembre de\n2020, se registr\u00f3 un total de 20.915,41 toneladas extra\u00eddas, considerando\ndesembarques y cosecha de centros de cultivo. Lo que representa un crecimiento de\n46,5%, en comparaci\u00f3n a diciembre 2019. El sector salmonero, aporta a esta\ncifra con la cosecha realizada en los Centros de Cultivo creciendo un 47,5%. &nbsp;El desembarque pesquero Industrial registr\u00f3 un\nalza de 48,1%. Y el desembarque de la pesca Artesanal aument\u00f3 30,4%.<\/p>\n\n\n\n<p>&nbsp;&nbsp;&nbsp;&nbsp;&nbsp;&nbsp;&nbsp;&nbsp;&nbsp;&nbsp;&nbsp;&nbsp;&nbsp;&nbsp;&nbsp;&nbsp;&nbsp;&nbsp;&nbsp;&nbsp;&nbsp;&nbsp;&nbsp;&nbsp;&nbsp;&nbsp;&nbsp;&nbsp;&nbsp;&nbsp;&nbsp;&nbsp;&nbsp;&nbsp; La actividad\nde exportaciones, en el mes de diciembre de 2020, en Magallanes asciende a un\nmonto de 73,7 millones de d\u00f3lares, lo que representa un aumento de &nbsp;14,9%, en comparaci\u00f3n a los env\u00edos realizados\na diciembre de 2019.<\/p>\n\n\n\n<p>&nbsp;&nbsp;&nbsp;&nbsp;&nbsp;&nbsp;&nbsp;&nbsp;&nbsp;&nbsp;&nbsp;&nbsp;&nbsp;&nbsp;&nbsp;&nbsp;&nbsp;&nbsp;&nbsp;&nbsp;&nbsp;&nbsp;&nbsp;&nbsp;&nbsp;&nbsp;&nbsp;&nbsp;&nbsp;&nbsp;&nbsp;&nbsp;&nbsp;&nbsp; Otros\nsectores afectados severamente por la crisis, que no est\u00e1n reflejados en los\nindicadores mencionados, son el comercio detallista, el sector gastron\u00f3mico, el\nsector transporte. Todos ellos, beneficiados parcial e insuficientemente, por\nlos programas estatales. Cierre de locales, env\u00edo a trabajadores al seguro de\ndesempleo, o derechamente despedidos, ha sido la t\u00f3nica en estos sectores.<\/p>\n\n\n\n<p>&nbsp;&nbsp;&nbsp;&nbsp;&nbsp;&nbsp;&nbsp;&nbsp;&nbsp;&nbsp;&nbsp;&nbsp;&nbsp;&nbsp;&nbsp;&nbsp;&nbsp;&nbsp;&nbsp;&nbsp;&nbsp;&nbsp;&nbsp;&nbsp;&nbsp;&nbsp;&nbsp; &nbsp;&nbsp;&nbsp;&nbsp;&nbsp;&nbsp;&nbsp;&nbsp; Asimismo, en el rubro construcci\u00f3n, la\nestad\u00edstica de edificaci\u00f3n del INE, a nivel nacional, arroja una disminuci\u00f3n de\n-41,8% en solicitudes de permisos de edificaci\u00f3n, a enero de 2020. El sector\nconstrucci\u00f3n, altamente intensivo en mano de obra, es pilar de todo impulso\nreactivador. Fue severamente afectado, primero por la suspensi\u00f3n de obras,\ndemora y retardo en licitaciones. Hay que destacar que, en los casos en que se\npudo realizar faenas, las empresas demostraron gran responsabilidad, con reducci\u00f3n\ndel n\u00famero de trabajadores en obra, y aforos reducidos en transporte y\ncampamentos. <\/p>\n\n\n\n<p>&nbsp;&nbsp;&nbsp;&nbsp;&nbsp;&nbsp;&nbsp;&nbsp;&nbsp;&nbsp;&nbsp;&nbsp;&nbsp;&nbsp;&nbsp;&nbsp;&nbsp;&nbsp;&nbsp;&nbsp;&nbsp;&nbsp;&nbsp;&nbsp;&nbsp;&nbsp;&nbsp;&nbsp;&nbsp;&nbsp;&nbsp;&nbsp;&nbsp; Las empresas\nregionales han hecho un esfuerzo tit\u00e1nico por mantener a sus trabajadores.\nMuchos han echado mano a ahorros, o a endeudamiento, con el objeto de no\ndespedir a sus trabajadores. Esa mirada social, no se aprecia tan n\u00edtidamente,\nen los grandes consorcios, o las cadenas nacionales. Lo vimos hace poco, a\nprop\u00f3sito del despido de m\u00e1s de 100 personas de una cadena de supermercados.\nMuchos, recordaron los tiempos en que, esta empresa pertenec\u00eda a una familia\nmagall\u00e1nica. El respeto y el cuidado por los trabajadores que ten\u00edan por ese\nentonces, no se condice con el trato impersonal, y decisiones corporativas, que\nignoran la realidad regional.&nbsp; <\/p>\n\n\n\n<p>&nbsp;&nbsp;&nbsp;&nbsp;&nbsp;&nbsp;&nbsp;&nbsp;&nbsp;&nbsp;&nbsp;&nbsp;&nbsp;&nbsp;&nbsp;&nbsp;&nbsp;&nbsp;&nbsp;&nbsp;&nbsp;&nbsp;&nbsp;&nbsp;&nbsp;&nbsp;&nbsp;&nbsp;&nbsp;&nbsp;&nbsp;&nbsp;&nbsp; Al mismo\ntiempo que pasa esto, en el momento actual, estamos inmersos en la campa\u00f1a\nmasiva de vacunaci\u00f3n, por un lado, y con el inicio de las campa\u00f1as electorales\npor otro. Esto obliga a quienes participan, o aspiran a participar de la vida\np\u00fablica, a conocer a cabalidad, los factores que gatillan el desarrollo\nproductivo en el territorio. Las cifras de empleo, y de crecimiento por \u00e1rea\necon\u00f3mica, reci\u00e9n comentadas, son en parte, las circunstancias econ\u00f3micas, en\nque estamos realizando el proceso de vacunaci\u00f3n Covid, y son las condiciones, que\nlos candidatos a cargos de elecci\u00f3n popular, deben conocer. Mas all\u00e1 de los\ndiscursos filos\u00f3ficos, y de la definici\u00f3n de los grandes temas pa\u00eds, el\nbienestar de la poblaci\u00f3n, se juega en las condiciones materiales de vida, en\nlas que se desenvuelve cada d\u00eda. &nbsp;Quienes\naspiran a representarnos, deben tener conocimiento cabal de nuestra realidad\necon\u00f3mica y social. Sin ese conocimiento, no es posible que formulen\nsoluciones, o efect\u00faen propuestas atingentes y pertinentes. Nosotros,\nhabitantes del territorio austral, el m\u00e1s extremo del pa\u00eds, debemos votar con\natenci\u00f3n. La base de nuestro desarrollo futuro, se est\u00e1 jugando en este momento,\nnuestra econom\u00eda regional, la actividad productiva, que, con pasi\u00f3n y ah\u00ednco,\nmoviliza a emprendedores y trabajadores, debe ser cautelada. Nuestro modo de\nvida, debe ser respetado, nuestra gente, con su diversidad de etnias y\nor\u00edgenes. Debemos ser due\u00f1os de nuestro propio destino.<\/p>\n\n\n\n<p>Ernesto Sep\u00falveda Tornero<\/p>\n","protected":false},"excerpt":{"rendered":"<p>En este momento, en todo Chile, se despliegan esfuerzos mancomunados para avanzar en la vacunaci\u00f3n Covid. Salvo un par de desaciertos por parte de alcaldes, que no cumplieron el calendario&#8230; <a class=\"read-more\" href=\"https:\/\/www.radiopresidenteibanez.cl\/web\/nuestro-modo-de-vida-en-magallanes\/\">Leer m\u00e1s<\/a><\/p>\n","protected":false},"author":2,"featured_media":2310,"comment_status":"closed","ping_status":"closed","sticky":false,"template":"","format":"standard","meta":{"footnotes":""},"categories":[1],"tags":[],"class_list":["post-18888","post","type-post","status-publish","format-standard","has-post-thumbnail","hentry","category-cronica"],"_links":{"self":[{"href":"https:\/\/www.radiopresidenteibanez.cl\/web\/wp-json\/wp\/v2\/posts\/18888","targetHints":{"allow":["GET"]}}],"collection":[{"href":"https:\/\/www.radiopresidenteibanez.cl\/web\/wp-json\/wp\/v2\/posts"}],"about":[{"href":"https:\/\/www.radiopresidenteibanez.cl\/web\/wp-json\/wp\/v2\/types\/post"}],"author":[{"embeddable":true,"href":"https:\/\/www.radiopresidenteibanez.cl\/web\/wp-json\/wp\/v2\/users\/2"}],"replies":[{"embeddable":true,"href":"https:\/\/www.radiopresidenteibanez.cl\/web\/wp-json\/wp\/v2\/comments?post=18888"}],"version-history":[{"count":0,"href":"https:\/\/www.radiopresidenteibanez.cl\/web\/wp-json\/wp\/v2\/posts\/18888\/revisions"}],"wp:featuredmedia":[{"embeddable":true,"href":"https:\/\/www.radiopresidenteibanez.cl\/web\/wp-json\/wp\/v2\/media\/2310"}],"wp:attachment":[{"href":"https:\/\/www.radiopresidenteibanez.cl\/web\/wp-json\/wp\/v2\/media?parent=18888"}],"wp:term":[{"taxonomy":"category","embeddable":true,"href":"https:\/\/www.radiopresidenteibanez.cl\/web\/wp-json\/wp\/v2\/categories?post=18888"},{"taxonomy":"post_tag","embeddable":true,"href":"https:\/\/www.radiopresidenteibanez.cl\/web\/wp-json\/wp\/v2\/tags?post=18888"}],"curies":[{"name":"wp","href":"https:\/\/api.w.org\/{rel}","templated":true}]}}