{"id":18885,"date":"2021-03-01T03:00:00","date_gmt":"2021-03-01T03:00:00","guid":{"rendered":"https:\/\/www.radiopresidenteibanez.cl\/web\/?p=18885"},"modified":"2021-02-28T20:56:55","modified_gmt":"2021-02-28T20:56:55","slug":"artistas-navegaron-cinco-dias-por-el-estrecho-de-magallanes-en-iv-edicion-de-residencia-radicante","status":"publish","type":"post","link":"https:\/\/www.radiopresidenteibanez.cl\/web\/artistas-navegaron-cinco-dias-por-el-estrecho-de-magallanes-en-iv-edicion-de-residencia-radicante\/","title":{"rendered":"ARTISTAS NAVEGARON CINCO D\u00cdAS POR EL ESTRECHO DE MAGALLANES EN IV EDICI\u00d3N DE RESIDENCIA RADICANTE"},"content":{"rendered":"\n<p>Cinco fueron los d\u00edas de navegaci\u00f3n que dieron vida a la cuarta edici\u00f3n de la Residencia Radicante, traves\u00eda mar\u00edtima por el Estrecho de Magallanes, dise\u00f1ada especialmente para promover el encuentro entre artistas y cient\u00edficos con el territorio del extremo sur de Am\u00e9rica. El trayecto se dibuj\u00f3 seg\u00fan las posibilidades que el tiempo otorg\u00f3, y entre los puntos clave visitados, estuvieron los fiordos Mart\u00ednez, Keats, el glaciar Navarro, glaciar Serrano y glaciar Escondido, entre otros hitos.<\/p>\n\n\n\n<p>El viaje se efectu\u00f3 entre el 8 y el 12 de este mes y convoc\u00f3 a nueve creadores oriundos de la Regi\u00f3n de Magallanes y Ant\u00e1rtica Chilena, as\u00ed como de las ciudades de Chilo\u00e9, Santiago e Iquique. La iniciativa es una apuesta anual de la plataforma creativa Liquenlab, emplazada en Punta Arenas; cuya labor se centra en la investigaci\u00f3n, creaci\u00f3n y circulaci\u00f3n en torno al arte contempor\u00e1neo y los nuevos medios, con foco en el territorio.&nbsp;<\/p>\n\n\n\n<p>\u201cEn este&nbsp;<em>a\u00f1o 0,<\/em>luego del arribo de muchas instancias de dolor y&nbsp;de cambios profundos, salir a navegar por los fiordos del Estrecho que une dos oc\u00e9anos -no essolamente un tremendo regalo y una gran oportunidad de despertar-, estambi\u00e9n, una opci\u00f3n para volver a empezar, para pensar en un nuevomundo desde la transformaci\u00f3n de nuestra consciencia\u201d, explic\u00f3 Sandra Ulloa, codirectora de Liquenlab y artista visual, que lider\u00f3 esta traves\u00eda, orientando la experiencia para promover instancias de reflexi\u00f3n y creaci\u00f3n colectiva, a lo largo del trayecto.&nbsp;<\/p>\n\n\n\n<p>La Residencia Radicante \u201cno es un viaje de turismo, ni un paseo de placer, es una experiencia de encuentro y di\u00e1logo entre seres vivos que coexisten\u201d, explica Nataniel Alvarez, contraparte de Sandra en la direcci\u00f3n de Liquenlab. Seg\u00fan explica, el tambi\u00e9n artista visual, la experiencia navegable ocurre sobre una embarcaci\u00f3n pesquera, adaptada para llevar pasajeros y es un espacio para la creaci\u00f3n art\u00edstica, pero tambi\u00e9n se concentra en la reflexi\u00f3n y el an\u00e1lisis cr\u00edtico respecto a la circunnavegaci\u00f3n de Hernando de Magallanes por el globo y las consecuencias de su llegada al continente.&nbsp;<\/p>\n\n\n\n<p>Los integrantes de la tripulaci\u00f3n de esta cuarta edici\u00f3n de Radicante fueron: la artista visual,&nbsp;Antonia R\u00edos; los escritores, \u00d3scar Barrientos y Cristi\u00e1n Geisse; Fernando Huayqui\u00f1ir, artista y ge\u00f3grafo; Andr\u00e9s Vial, artista visual; el curador Rodolfo Andaur, el comunicador, David Bola\u00f1osy las integrantes de&nbsp;Liquenlab, Sandra Ulloa, Mar\u00eda Paz Calabrano.&nbsp;&nbsp;<\/p>\n\n\n\n<p><strong>\u201cSentir la necesidad de una plena coexistencia\u201d<\/strong><\/p>\n\n\n\n<p>\u201cEste viaje es una experiencia que permite repensar lo relativo a las medidas, la distancia y el tiempo, como articulador de las relaciones. La territorialidad somete a las formas, obligando a otras maneras de comunicaci\u00f3n y relaci\u00f3n con el contexto. No solo la especie humana propone, hay un di\u00e1logo pendiente ah\u00ed, en el pliegue entre las especies, y es importante activarlo\u201d, comenta acerca de su experiencia, Andr\u00e9s Vial, artista visual y tripulante de la Residencia Radicante, quien, tras ser seleccionado para participar, tuvo que desplazarse desde Chilo\u00e9 hasta Punta Arenas, para integrar el equipo.&nbsp;<\/p>\n\n\n\n<p>En tanto, el escritor magall\u00e1nico \u00d3scar Barrientos, expres\u00f3 que, \u201cfue un viaje en gran medida fundacional para mis&nbsp;<em>preocupaciones textuales<\/em>\u201d, refiri\u00e9ndose, a que para \u00e9l, la Residencia Radicante, signific\u00f3 dialogar con los elementos del paisaje e incorporarlos a lo que llam\u00f3 su \u201ctraves\u00eda literaria\u201d.&nbsp;<\/p>\n\n\n\n<p>Desde otra perspectiva, el ge\u00f3grafo y artista, Fernando Huayqui\u00f1ir, rescat\u00f3 de esta experiencia, la importancia de, \u201cpensar en c\u00f3mo nos afectamos mutuamente con aquello que llamamos naturaleza, pensar en quienes convivieron con seres que hoy son negados y devastados\u2026sentir la necesidad de una plena coexistencia\u00bb, expres\u00f3 al retornar del viaje.&nbsp;<\/p>\n\n\n\n<p>Liquenlab celebra la realizaci\u00f3n de una nueva edici\u00f3n de su residencia navegable, en un contexto complejo a nivel global, que exige con mayor urgencia, trabajar por instancias de encuentro que promuevan relaciones saludables con la naturaleza.<\/p>\n\n\n\n<p>La Residencia Radicante se realiz\u00f3 cumpliendo con todos los protocolos solicitados por la autoridad sanitaria, luego de adaptar el n\u00famero de tripulantes y de gestionar un riguroso tr\u00e1nsito para los artistas que se movilizaron desde otros territorios para llegar a Punta Arenas.&nbsp;<\/p>\n\n\n\n<p>Durante marzo de 2021, Liquenlab dar\u00e1 a conocer una nueva convocatoria para la realizaci\u00f3n de la quinta edici\u00f3n de la Residencia Radicante, que en esta ocasi\u00f3n se abrir\u00e1 tambi\u00e9n para artistas internacionales.<\/p>\n\n\n\n<p>Liquenlab&nbsp;forma parte del&nbsp;Programa de Apoyo a Organizaciones Culturales Colaboradoras, modalidad continuidad al anterior programa POIC, del Ministerio de las Culturas, las Artes y el Patrimonio, que busca fortalecer y dar continuidad a instituciones y organizaciones culturales de derecho privado y sin fines de lucro. Este&nbsp;programa&nbsp;adem\u00e1s es parte del Sistema de Financiamiento a Organizaciones e Infraestructura Cultural del Ministerio de las Culturas, las Artes y el Patrimonio que integra, articula y coordina de forma transversal los planes,&nbsp;programas&nbsp;y fondos orientados al fomento y apoyo de las organizaciones, de la infraestructura cultural, y de la mediaci\u00f3n art\u00edstica. Todo esto con una vocaci\u00f3n descentralizada, mecanismos participativos, y la promoci\u00f3n de la creaci\u00f3n de redes y asociaciones.&nbsp;<\/p>\n\n\n\n<p>La reciente Residencia Radicante estaba dise\u00f1ada para mayo de 2020, pero producto de la crisis sanitario, debi\u00f3 suspenderse hasta febrero de 2021.&nbsp;<\/p>\n","protected":false},"excerpt":{"rendered":"<p>Cinco fueron los d\u00edas de navegaci\u00f3n que dieron vida a la cuarta edici\u00f3n de la Residencia Radicante, traves\u00eda mar\u00edtima por el Estrecho de Magallanes, dise\u00f1ada especialmente para promover el encuentro&#8230; <a class=\"read-more\" href=\"https:\/\/www.radiopresidenteibanez.cl\/web\/artistas-navegaron-cinco-dias-por-el-estrecho-de-magallanes-en-iv-edicion-de-residencia-radicante\/\">Leer m\u00e1s<\/a><\/p>\n","protected":false},"author":2,"featured_media":18886,"comment_status":"closed","ping_status":"closed","sticky":false,"template":"","format":"standard","meta":{"footnotes":""},"categories":[1],"tags":[],"class_list":["post-18885","post","type-post","status-publish","format-standard","has-post-thumbnail","hentry","category-cronica"],"_links":{"self":[{"href":"https:\/\/www.radiopresidenteibanez.cl\/web\/wp-json\/wp\/v2\/posts\/18885","targetHints":{"allow":["GET"]}}],"collection":[{"href":"https:\/\/www.radiopresidenteibanez.cl\/web\/wp-json\/wp\/v2\/posts"}],"about":[{"href":"https:\/\/www.radiopresidenteibanez.cl\/web\/wp-json\/wp\/v2\/types\/post"}],"author":[{"embeddable":true,"href":"https:\/\/www.radiopresidenteibanez.cl\/web\/wp-json\/wp\/v2\/users\/2"}],"replies":[{"embeddable":true,"href":"https:\/\/www.radiopresidenteibanez.cl\/web\/wp-json\/wp\/v2\/comments?post=18885"}],"version-history":[{"count":0,"href":"https:\/\/www.radiopresidenteibanez.cl\/web\/wp-json\/wp\/v2\/posts\/18885\/revisions"}],"wp:featuredmedia":[{"embeddable":true,"href":"https:\/\/www.radiopresidenteibanez.cl\/web\/wp-json\/wp\/v2\/media\/18886"}],"wp:attachment":[{"href":"https:\/\/www.radiopresidenteibanez.cl\/web\/wp-json\/wp\/v2\/media?parent=18885"}],"wp:term":[{"taxonomy":"category","embeddable":true,"href":"https:\/\/www.radiopresidenteibanez.cl\/web\/wp-json\/wp\/v2\/categories?post=18885"},{"taxonomy":"post_tag","embeddable":true,"href":"https:\/\/www.radiopresidenteibanez.cl\/web\/wp-json\/wp\/v2\/tags?post=18885"}],"curies":[{"name":"wp","href":"https:\/\/api.w.org\/{rel}","templated":true}]}}