{"id":18882,"date":"2021-03-01T02:45:00","date_gmt":"2021-03-01T02:45:00","guid":{"rendered":"https:\/\/www.radiopresidenteibanez.cl\/web\/?p=18882"},"modified":"2021-02-28T20:49:07","modified_gmt":"2021-02-28T20:49:07","slug":"36-mil-vacunas-sinovac-llegan-a-la-region-convirtiendose-en-el-noveno-cargamento-que-recibe-salud-para-continuar-con-campana","status":"publish","type":"post","link":"https:\/\/www.radiopresidenteibanez.cl\/web\/36-mil-vacunas-sinovac-llegan-a-la-region-convirtiendose-en-el-noveno-cargamento-que-recibe-salud-para-continuar-con-campana\/","title":{"rendered":"36 MIL VACUNAS SINOVAC LLEGAN A LA REGION, CONVIRTI\u00c9NDOSE EN EL NOVENO CARGAMENTO QUE RECIBE SALUD PARA CONTINUAR CON CAMPA\u00d1A"},"content":{"rendered":"\n<p>Durante\neste \u00faltimo s\u00e1bado del mes de febrero, el Intendente(S) Alejandro V\u00e1squez, el\nSEREMI de Salud (s), Eduardo Castillo y el Director del Servicio de Salud de\nMagallanes, Nelson Reyes recibieron en el Aeropuerto Carlos Ib\u00e1\u00f1ez del campo\njunto a los equipos de salud un nuevo cargamento de vacunas para continuar con\nla Campa\u00f1a de Vacunaci\u00f3n contra el Covid-19. Se trata de 36 mil dosis de Sinovac.<\/p>\n\n\n\n<p>Hasta\nel momento la regi\u00f3n ha recibido nueve cargamentos de vacunas desde fines de\ndiciembre hasta la fecha, para combatir esta Pandemia y el de este s\u00e1bado 27 es\nel cargamento m\u00e1s numeroso de vacunas que se ha recibido. Es as\u00ed como las vacunas\nrecepcionadas se acercan a las 90 mil dosis.<\/p>\n\n\n\n<p>El\nIntendente (S), Alejandro V\u00e1squez, manifest\u00f3 estar muy contento con este nuevo\ncargamento, \u201cadem\u00e1s es uno de los m\u00e1s numerosos recibidos en esta Pandemia y\nnos va a permitir tener una mejor continuidad de todo el proceso que estamos\nrealizando en nuestra regi\u00f3n. Esta semana tambi\u00e9n podremos iniciar la\nvacunaci\u00f3n de las personas que reciben su segunda dosis y que se vacunaron\nentre el 3 y 5 de febrero con la primera dosis\u201d.<\/p>\n\n\n\n<p>El\nSEREMI Eduardo Castillo se\u00f1al\u00f3 que \u201ccon estas 36 mil dosis m\u00e1s 975 vacunas\nPfizer que llegan el lunes 01 de marzo vamos a superar las 90 mil vacunas que\nhan llegado&nbsp; a la regi\u00f3n y que nos permitir\u00e1\ncontinuar con este proceso que se ha desarrollado de manera muy correcta con un\ntrabajo coordinado de todos los que est\u00e1n participando\u201d.<\/p>\n\n\n\n<p>De\nesta forma, explic\u00f3, que \u201cvamos asegurar las segundas dosis de todas las\npersonas que iniciaron la Campa\u00f1a a comienzos de febrero, de las personas de 60\na 64 a\u00f1os y tambi\u00e9n continuaremos con la vacunaci\u00f3n de todos los trabajadores\nde la educaci\u00f3n menores de 40 a\u00f1os\u201d<\/p>\n\n\n\n<p>El\nDirector del Servicio de Salud Magallanes, Nelson Reyes, manifest\u00f3 que las\nllegadas de estas vacunas, \u201cnos permitir\u00e1 a partir de la pr\u00f3xima semana asegurar\nlas segundas dosis para empezar a vacunar a todos los funcionarios de la salud de\nla red de p\u00fablica y privada. Esto es importante ya que no s\u00f3lo damos seguridad\na nuestros funcionarios y, sino que tambi\u00e9n, damos continuidad a la atenci\u00f3n de\nlos pacientes que est\u00e1n en los establecimientos de salud. El llamado es,\nrecalc\u00f3, a vacunarse y as\u00ed tener esta importante protecci\u00f3n\u201d. <\/p>\n\n\n\n<p>El\nSEREMI Castillo, entreg\u00f3 un reconocimiento a todos quienes hacen posible esta\ngran cadena de trabajo en conjunto para la llegada y disposici\u00f3n de la vacunas.\n\u201cDesde los aviones solidarios (Latam- Sky), colaboraci\u00f3n &nbsp;de la DGAC el\nresguardo de la PDI, Carabineros y Fuerzas Armadas , el equipo de la SEREMI que\nlas almacena y que en coordinaci\u00f3n con el Servicio de Salud ,distribuye a los\ndistintos puntos de vacunaci\u00f3n, a los municipios, sus alcaldes y concejales,&nbsp;\nque entregan las condiciones para la administraci\u00f3n de las vacunas y los\nequipos cl\u00ednicos que las administran a los grupos objetivos y que, en especial\nlas zonas rurales, en las zonas rurales hacen hasta lo imposible para vacunar a\nsu poblaci\u00f3n hasta el punto m\u00e1s alejado y rec\u00f3ndito de estancias y campos\u201d.<\/p>\n\n\n\n<p>En\nla regi\u00f3n hasta la fecha se han vacunado 43.277 personas con la primera dosis.\n(Fuente DEIS)<\/p>\n\n\n\n<p><strong>Calendario de Vacunaci\u00f3n <\/strong><strong><\/strong><\/p>\n\n\n\n<p>La pr\u00f3xima semana la Campa\u00f1a de inoculaci\u00f3n&nbsp; en la ciudad de Punta Arenas tendr\u00e1 una\nmodificaci\u00f3n respecto a los puntos de vacunaci\u00f3n. La escuela Hernando de\nMagallanes, cercana al Cesfam Carlos Ib\u00e1\u00f1ez, estar\u00e1 destinada exclusivamente\npara la vacunaci\u00f3n de los trabajadores de la educaci\u00f3n. Este lunes 01 de marzo\ncomenzar\u00e1 a las 14 horas &nbsp;y el martes\nvuelve a su horario normal de 9.00 a 16.00 horas para continuar as\u00ed el resto de\nla semana.<\/p>\n\n\n\n<p>En tanto, los otros establecimientos (escuelas: Manuel Bulnes, 18 de\nSeptiembre, Patagonia y colegio Contardi) van a estar vacunando a las personas\nde 60 a 64 a\u00f1os&nbsp; y las personas que\nrecibir\u00e1n la segunda dosis.<\/p>\n\n\n\n<figure class=\"wp-block-table\"><table class=\"\"><tbody><tr><td>\n  <strong>Vacunas que han\n  llegado a la regi\u00f3n<\/strong>\n  <\/td><td>\n  &nbsp;\n  <\/td><\/tr><tr><td>\n  24 diciembre 2020\n  <\/td><td>\n  165 pfizer personal UTI-UCI\n  <\/td><\/tr><tr><td>\n  14 de enero 2021\n  <\/td><td>\n  165 pfizer personal UTI-UCI\n  <\/td><\/tr><tr><td>\n  1 de Febrero\n  <\/td><td>\n  18.000 vacunas sinovac\n  <\/td><\/tr><tr><td>\n  6 de Febrero\n  <\/td><td>\n  10.800 vacunas&nbsp; sinovac\n  <\/td><\/tr><tr><td>\n  13 de Febrero\n  <\/td><td>\n  6.000 vacunas&nbsp; sinovac\n  <\/td><\/tr><tr><td>\n  15 de Febrero\n  <\/td><td>\n  9.600 vacunas sinovac\n  <\/td><\/tr><tr><td>\n  22 de Febrero\n  <\/td><td>\n  1.950 pfizer&nbsp; personal de educaci\u00f3n\n  <\/td><\/tr><tr><td>\n  23 de Febrero\n  <\/td><td>\n  7.200 vacunas sinovac\n  <\/td><\/tr><tr><td>\n  27 de Febrero\n  <\/td><td>\n  36.000 vacunas sinovac\n  <\/td><\/tr><\/tbody><\/table><\/figure>\n","protected":false},"excerpt":{"rendered":"<p>Durante este \u00faltimo s\u00e1bado del mes de febrero, el Intendente(S) Alejandro V\u00e1squez, el SEREMI de Salud (s), Eduardo Castillo y el Director del Servicio de Salud de Magallanes, Nelson Reyes&#8230; <a class=\"read-more\" href=\"https:\/\/www.radiopresidenteibanez.cl\/web\/36-mil-vacunas-sinovac-llegan-a-la-region-convirtiendose-en-el-noveno-cargamento-que-recibe-salud-para-continuar-con-campana\/\">Leer m\u00e1s<\/a><\/p>\n","protected":false},"author":2,"featured_media":18883,"comment_status":"closed","ping_status":"closed","sticky":false,"template":"","format":"standard","meta":{"footnotes":""},"categories":[1],"tags":[],"class_list":["post-18882","post","type-post","status-publish","format-standard","has-post-thumbnail","hentry","category-cronica"],"_links":{"self":[{"href":"https:\/\/www.radiopresidenteibanez.cl\/web\/wp-json\/wp\/v2\/posts\/18882","targetHints":{"allow":["GET"]}}],"collection":[{"href":"https:\/\/www.radiopresidenteibanez.cl\/web\/wp-json\/wp\/v2\/posts"}],"about":[{"href":"https:\/\/www.radiopresidenteibanez.cl\/web\/wp-json\/wp\/v2\/types\/post"}],"author":[{"embeddable":true,"href":"https:\/\/www.radiopresidenteibanez.cl\/web\/wp-json\/wp\/v2\/users\/2"}],"replies":[{"embeddable":true,"href":"https:\/\/www.radiopresidenteibanez.cl\/web\/wp-json\/wp\/v2\/comments?post=18882"}],"version-history":[{"count":0,"href":"https:\/\/www.radiopresidenteibanez.cl\/web\/wp-json\/wp\/v2\/posts\/18882\/revisions"}],"wp:featuredmedia":[{"embeddable":true,"href":"https:\/\/www.radiopresidenteibanez.cl\/web\/wp-json\/wp\/v2\/media\/18883"}],"wp:attachment":[{"href":"https:\/\/www.radiopresidenteibanez.cl\/web\/wp-json\/wp\/v2\/media?parent=18882"}],"wp:term":[{"taxonomy":"category","embeddable":true,"href":"https:\/\/www.radiopresidenteibanez.cl\/web\/wp-json\/wp\/v2\/categories?post=18882"},{"taxonomy":"post_tag","embeddable":true,"href":"https:\/\/www.radiopresidenteibanez.cl\/web\/wp-json\/wp\/v2\/tags?post=18882"}],"curies":[{"name":"wp","href":"https:\/\/api.w.org\/{rel}","templated":true}]}}