{"id":18880,"date":"2021-03-01T02:30:00","date_gmt":"2021-03-01T02:30:00","guid":{"rendered":"https:\/\/www.radiopresidenteibanez.cl\/web\/?p=18880"},"modified":"2021-02-28T20:37:53","modified_gmt":"2021-02-28T20:37:53","slug":"core-aprobo-actualizacion-del-plan-regulador-de-la-comuna-primavera","status":"publish","type":"post","link":"https:\/\/www.radiopresidenteibanez.cl\/web\/core-aprobo-actualizacion-del-plan-regulador-de-la-comuna-primavera\/","title":{"rendered":"CORE APROB\u00d3 ACTUALIZACI\u00d3N DEL PLAN REGULADOR DE LA COMUNA PRIMAVERA"},"content":{"rendered":"\n<p>En la cuarta Sesi\u00f3n Plenaria\nefectuada este viernes por videoconferencia, el Consejo Regional de Magallanes\ny de la Ant\u00e1rtica Chilena aprob\u00f3 por unanimidad la \u201cActualizaci\u00f3n, Prosecuci\u00f3n\ny Tramitaci\u00f3n del Plan Regulador, comuna de Primavera\u201d.&nbsp; <\/p>\n\n\n\n<p>El presidente del CORE,\nTolentino Soto, destac\u00f3 la sanci\u00f3n favorable a las actualizaciones de este\nimportante instrumento de planificaci\u00f3n &nbsp;que\norienta, fomenta y regula el desarrollo urban\u00edstico, \u201cnos parece fundamental que\ncuenten con este plan ya que es estamos hablando de comunas emergentes con dise\u00f1os\nde ruralidad, las cuales est\u00e1n creciendo y van presentado nuevas necesidades\ncomo la ocupaci\u00f3n de espacios territoriales. En la misma l\u00ednea durante las\npr\u00f3ximas semanas iremos sancionando planos de otras comunas que se encuentran\nen igual situaci\u00f3n\u201d. <\/p>\n\n\n\n<p>En otro tema, en la\noportunidad los consejos regionales aprobaron la postergaci\u00f3n de la sanci\u00f3n de\nrecursos para el proyecto \u201cMejoramiento Centro de Rehabilitaci\u00f3n Cruz del Sur Puerto\nNatales\u201d, ello tras un completo an\u00e1lisis a la presentaci\u00f3n desarrollada por\ndirectivos y profesionales de dicho centro, efectuada en el marco del trabajo\nde la comisi\u00f3n Infraestructura. <\/p>\n\n\n\n<p>&nbsp;\u201cSeg\u00fan se confirm\u00f3 y como el CORE denunci\u00f3 en\nvarias oportunidades, la piscina terap\u00e9utica del proyecto present\u00f3 serias\ndificultades durante su construcci\u00f3n por tanto ser\u00e1 necesario un redise\u00f1o y acordamos\nla postergaci\u00f3n para buscar la forma de cambiar la Unidad T\u00e9cnica encargada por\nuna que cuente con m\u00e1s experiencia en este tipo de infraestructuras. Quedamos a\nla espera de conocer en los pr\u00f3ximos d\u00edas cual ser\u00eda esta nueva unidad\u201d, adelant\u00f3\nel consejero Soto. <\/p>\n","protected":false},"excerpt":{"rendered":"<p>En la cuarta Sesi\u00f3n Plenaria efectuada este viernes por videoconferencia, el Consejo Regional de Magallanes y de la Ant\u00e1rtica Chilena aprob\u00f3 por unanimidad la \u201cActualizaci\u00f3n, Prosecuci\u00f3n y Tramitaci\u00f3n del Plan&#8230; <a class=\"read-more\" href=\"https:\/\/www.radiopresidenteibanez.cl\/web\/core-aprobo-actualizacion-del-plan-regulador-de-la-comuna-primavera\/\">Leer m\u00e1s<\/a><\/p>\n","protected":false},"author":2,"featured_media":18820,"comment_status":"closed","ping_status":"closed","sticky":false,"template":"","format":"standard","meta":{"footnotes":""},"categories":[1],"tags":[],"class_list":["post-18880","post","type-post","status-publish","format-standard","has-post-thumbnail","hentry","category-cronica"],"_links":{"self":[{"href":"https:\/\/www.radiopresidenteibanez.cl\/web\/wp-json\/wp\/v2\/posts\/18880","targetHints":{"allow":["GET"]}}],"collection":[{"href":"https:\/\/www.radiopresidenteibanez.cl\/web\/wp-json\/wp\/v2\/posts"}],"about":[{"href":"https:\/\/www.radiopresidenteibanez.cl\/web\/wp-json\/wp\/v2\/types\/post"}],"author":[{"embeddable":true,"href":"https:\/\/www.radiopresidenteibanez.cl\/web\/wp-json\/wp\/v2\/users\/2"}],"replies":[{"embeddable":true,"href":"https:\/\/www.radiopresidenteibanez.cl\/web\/wp-json\/wp\/v2\/comments?post=18880"}],"version-history":[{"count":0,"href":"https:\/\/www.radiopresidenteibanez.cl\/web\/wp-json\/wp\/v2\/posts\/18880\/revisions"}],"wp:featuredmedia":[{"embeddable":true,"href":"https:\/\/www.radiopresidenteibanez.cl\/web\/wp-json\/wp\/v2\/media\/18820"}],"wp:attachment":[{"href":"https:\/\/www.radiopresidenteibanez.cl\/web\/wp-json\/wp\/v2\/media?parent=18880"}],"wp:term":[{"taxonomy":"category","embeddable":true,"href":"https:\/\/www.radiopresidenteibanez.cl\/web\/wp-json\/wp\/v2\/categories?post=18880"},{"taxonomy":"post_tag","embeddable":true,"href":"https:\/\/www.radiopresidenteibanez.cl\/web\/wp-json\/wp\/v2\/tags?post=18880"}],"curies":[{"name":"wp","href":"https:\/\/api.w.org\/{rel}","templated":true}]}}