{"id":18878,"date":"2021-03-01T02:15:00","date_gmt":"2021-03-01T02:15:00","guid":{"rendered":"https:\/\/www.radiopresidenteibanez.cl\/web\/?p=18878"},"modified":"2021-02-28T20:33:39","modified_gmt":"2021-02-28T20:33:39","slug":"descoordinacion-o-neomachismo-por-eugenia-mancilla-macias","status":"publish","type":"post","link":"https:\/\/www.radiopresidenteibanez.cl\/web\/descoordinacion-o-neomachismo-por-eugenia-mancilla-macias\/","title":{"rendered":"\u00abDESCOORDINACI\u00d3N O NEOMACHISMO\u00bb por Eugenia Mancilla Macias"},"content":{"rendered":"\n<p>El \u00faltimo viernes de febrero\nse registr\u00f3 una conferencia de prensa en la Moneda, tras una cita del\nPresidente Pi\u00f1era con miembros de los distintos poderes de Estado para abordar\nla crisis de violencia en La Araucan\u00eda. Todo normal hasta ah\u00ed. El Presidente\nhabl\u00f3 con los medios de comunicaci\u00f3n y, luego de \u00e9l, hizo lo propio la senadora\nAdriana Mu\u00f1oz, Presidenta del Senado. Sin embargo, de manera inusual, ins\u00f3lita\ne irrespetuosa, los participantes de la cita&nbsp;<strong>abandonaron el punto\nde prensa y dejaron a la Senadora Mu\u00f1oz sola frente a las c\u00e1maras y micr\u00f3fonos\nde Palacio.<\/strong> Este gesto de las autoridades de los otros poderes\ndel Estado hacia la Senadora Mu\u00f1oz, es francamente intolerable. \u201c<em>Represento\na la segunda autoridad de la Rep\u00fablica. Siento que a la instituci\u00f3n que\nrepresento, que es el Senado, se mira un poco por debajo del hombro&nbsp;y\ntambi\u00e9n a m\u00ed personalmente, por haber discrepado por la situaci\u00f3n en La\nAraucan\u00eda y tambi\u00e9n por mi condici\u00f3n de mujer, porque&nbsp;no s\u00e9 si a un\npresidente hombre del Senado le habr\u00edan hecho esta descortes\u00eda\u201d,<\/em> dijo la\nsenadora. Posteriormente el ministro del Interior se\u00f1alar\u00eda que se trat\u00f3 de una\n\u201cdescoordinaci\u00f3n\u201d y observancia a los protocolos, al disculparse. A pesar de los avances en equidad\nen la vida social, econ\u00f3mica, laboral y cultural de pa\u00eds, la realidad chilena\nrefleja que las mujeres definitivamente no gozan a plenitud de sus derechos en\nigualdad de condiciones. La situaci\u00f3n vivida por la Senadora Mu\u00f1oz no es\ncasual. En una sociedad fuertemente masculinizada las mujeres que optan por una\ncarrera pol\u00edtica enfrentan diversos obst\u00e1culos que dificultan su entrada,\npermanencia y competencia en relaci\u00f3n con sus pares hombres. Es evidente que\nuna sociedad nunca ser\u00e1 justa si las personas no se reconocen como iguales. As\u00ed\nnace el \u201cneomachismo\u201d, actores que en la teor\u00eda se manifiestan favorablemente a\nla igualdad de g\u00e9nero pero que ocultan impl\u00edcitamente la defensa de la\nhegemon\u00eda masculina. De esta manera y ante esta realidad, nacional y local, develar\nlos distintos niveles en que operan las resistencias tiene importancia. No s\u00f3lo\npara comprender su complejidad sino tambi\u00e9n para entender que su comportamiento\nes din\u00e1mico. La actividad pol\u00edtica se enriquece con la presencia, opini\u00f3n y\nacci\u00f3n de hombres y mujeres. Constituye una oportunidad para servir a los dem\u00e1s\ny las mujeres estamos llamadas a ser un aporte no una amenaza. Hoy la actividad\np\u00fablica requiere credibilidad, fortalecer las confianzas, pero tambi\u00e9n otorgar\nm\u00e1s humanidad a la tarea de servir y por ello necesitamos m\u00e1s mujeres\ndispuestas a asumir el desaf\u00edo de representar mayor\u00edas y con ello terminar con\nlas acciones mis\u00f3ginas. As\u00ed resulta fundamental que las mujeres entren en la\ncompetencia electoral y con ello rompan con las fuertes resistencias que deben\nenfrentar. Luego es tarea de todos y todas elegirlas. As\u00ed como tambi\u00e9n promover,\ndefender y difundir los espacios ganados. Hoy fue la Presidenta del Senado,\nma\u00f1ana ser\u00e1 una diputada, una alcaldesa, una concejala o una dirigente social,\nser\u00e1 entonces un imperativo para todos y todas, defender con fuerza nuestro\nderecho a la expresi\u00f3n y el respeto inclaudicable al debido dialogo pol\u00edtico como\npresupuesto fundamental de toda democracia.<\/p>\n\n\n\n<p><strong>Eugenia Mancilla Macias<\/strong><\/p>\n\n\n\n<p><strong>Vanguardia Comunitaria<\/strong><\/p>\n","protected":false},"excerpt":{"rendered":"<p>El \u00faltimo viernes de febrero se registr\u00f3 una conferencia de prensa en la Moneda, tras una cita del Presidente Pi\u00f1era con miembros de los distintos poderes de Estado para abordar&#8230; <a class=\"read-more\" href=\"https:\/\/www.radiopresidenteibanez.cl\/web\/descoordinacion-o-neomachismo-por-eugenia-mancilla-macias\/\">Leer m\u00e1s<\/a><\/p>\n","protected":false},"author":2,"featured_media":15574,"comment_status":"closed","ping_status":"closed","sticky":false,"template":"","format":"standard","meta":{"footnotes":""},"categories":[1],"tags":[],"class_list":["post-18878","post","type-post","status-publish","format-standard","has-post-thumbnail","hentry","category-cronica"],"_links":{"self":[{"href":"https:\/\/www.radiopresidenteibanez.cl\/web\/wp-json\/wp\/v2\/posts\/18878","targetHints":{"allow":["GET"]}}],"collection":[{"href":"https:\/\/www.radiopresidenteibanez.cl\/web\/wp-json\/wp\/v2\/posts"}],"about":[{"href":"https:\/\/www.radiopresidenteibanez.cl\/web\/wp-json\/wp\/v2\/types\/post"}],"author":[{"embeddable":true,"href":"https:\/\/www.radiopresidenteibanez.cl\/web\/wp-json\/wp\/v2\/users\/2"}],"replies":[{"embeddable":true,"href":"https:\/\/www.radiopresidenteibanez.cl\/web\/wp-json\/wp\/v2\/comments?post=18878"}],"version-history":[{"count":0,"href":"https:\/\/www.radiopresidenteibanez.cl\/web\/wp-json\/wp\/v2\/posts\/18878\/revisions"}],"wp:featuredmedia":[{"embeddable":true,"href":"https:\/\/www.radiopresidenteibanez.cl\/web\/wp-json\/wp\/v2\/media\/15574"}],"wp:attachment":[{"href":"https:\/\/www.radiopresidenteibanez.cl\/web\/wp-json\/wp\/v2\/media?parent=18878"}],"wp:term":[{"taxonomy":"category","embeddable":true,"href":"https:\/\/www.radiopresidenteibanez.cl\/web\/wp-json\/wp\/v2\/categories?post=18878"},{"taxonomy":"post_tag","embeddable":true,"href":"https:\/\/www.radiopresidenteibanez.cl\/web\/wp-json\/wp\/v2\/tags?post=18878"}],"curies":[{"name":"wp","href":"https:\/\/api.w.org\/{rel}","templated":true}]}}