{"id":18873,"date":"2021-02-28T15:46:27","date_gmt":"2021-02-28T15:46:27","guid":{"rendered":"https:\/\/www.radiopresidenteibanez.cl\/web\/?p=18873"},"modified":"2021-02-28T15:46:32","modified_gmt":"2021-02-28T15:46:32","slug":"secretaria-de-energia-de-magallanes-invita-a-ser-parte-de-la-planificacion-energetica-de-largo-plazo","status":"publish","type":"post","link":"https:\/\/www.radiopresidenteibanez.cl\/web\/secretaria-de-energia-de-magallanes-invita-a-ser-parte-de-la-planificacion-energetica-de-largo-plazo\/","title":{"rendered":"SECRETAR\u00cdA DE ENERG\u00cdA DE MAGALLANES INVITA A SER PARTE DE LA PLANIFICACI\u00d3N ENERG\u00c9TICA DE LARGO PLAZO"},"content":{"rendered":"\n<p>el SEREMI (s) de Energ\u00eda de Magallanes, Carlos Olave Solar,\ninvit\u00f3 a la comunidad regional a ser parte de la Planificaci\u00f3n Energ\u00e9tica de\nLargo Plazo (PELP).<\/p>\n\n\n\n<p>El SEREMI Olave explic\u00f3 que la PELP es un proceso\nestablecido en la Ley General de Servicios El\u00e9ctricos (desde 2017), a trav\u00e9s\ndel cual se proyecta la evoluci\u00f3n del sistema energ\u00e9tico en Chile, teniendo en\ncuenta un horizonte de al menos 30 a\u00f1os.<\/p>\n\n\n\n<p>\u00abLa importancia del futuro energ\u00e9tico de Chile es\ncrucial para el desarrollo del pa\u00eds. Es por eso que el Gobierno del Presidente\nSebasti\u00e1n Pi\u00f1era impulsa la Planificaci\u00f3n Energ\u00e9tica de Largo Plazo con el\ncar\u00e1cter debido, es decir, el de una pol\u00edtica de Estado\u00bb, precis\u00f3.&nbsp; <\/p>\n\n\n\n<p>\u00abEste proceso es impostergable para contribuir a que\nseamos una naci\u00f3n desarrollada. En este sentido es en el que se enmarca esta\ninstancia de participaci\u00f3n ciudadana a la que estamos invitando, puesto que la\nmisma refuerza la mirada de Estado en el proceso de Planificaci\u00f3n de Largo\nPlazo\u00bb, dijo Olave.<\/p>\n\n\n\n<p>En esta misma l\u00ednea, la autoridad subrogante de Energ\u00eda de\nMagallanes cont\u00f3 que hoy el sector energ\u00e9tico se encuentra asumiendo grandes\ndesaf\u00edos, tales como disminuir niveles de pobreza energ\u00e9tica, garantizar un\nmejor acceso a energ\u00eda de calidad para todos, promover la educaci\u00f3n energ\u00e9tica,\ncontribuir para alcanzar la carbono neutralidad, descarbonizar el pa\u00eds,\nmasificar el uso de energ\u00edas renovables, disminuir la contaminaci\u00f3n local y\npromover el desarrollo del hidr\u00f3geno verde, entre otros.<\/p>\n\n\n\n<p>Seg\u00fan el SEREMI Olave, la planificaci\u00f3n energ\u00e9tica ayudar\u00e1 a\nproyectar el futuro del sector de manera integral.<\/p>\n\n\n\n<p>\u00abEsto, en un contexto participativo, transversal y\npermanente, conformado por cualquier persona u organizaci\u00f3n que tenga inter\u00e9s\nen aportar al futuro energ\u00e9tico de Chile, de modo tal que sus opiniones queden\nplasmadas en las proyecciones de desarrollo, en los aspectos sociales,\nambientales, territoriales y tecnol\u00f3gicos\u00bb, sentenci\u00f3.<\/p>\n\n\n\n<p>Desde la cartera de Energ\u00eda detallaron que los inscritos\npasar\u00e1n a ser parte del Registro de Interesadas e Interesados del proceso de\nplanificaci\u00f3n energ\u00e9tica, teniendo acceso a todas las audiencias p\u00fablicas y\ntalleres tem\u00e1ticos que se realicen, as\u00ed como participaci\u00f3n directa en la\ndefinici\u00f3n de metodolog\u00edas, documentos y proyecciones energ\u00e9ticas, y lo m\u00e1s\nimportante, aportando con la visi\u00f3n integral de las distintas localidades de\nnuestro pa\u00eds. El proceso se desarrollar\u00e1 durante el a\u00f1o en curso y el Registro\ncontinuar\u00e1 vigente hasta el a\u00f1o 2027, accediendo a todas las actualizaciones en\nmateria de proyecci\u00f3n energ\u00e9tica que se elaboren hasta dicho a\u00f1o.<\/p>\n\n\n\n<p>Las inscripciones se extender\u00e1n hasta el 3 de marzo en el\nportal web&nbsp;&nbsp;&nbsp; http:\/\/pelp.minenergia.cl.\nEn este sitio tambi\u00e9n se puede acceder a mayor informaci\u00f3n del proceso y a\nproyecciones actuales del mercado energ\u00e9tico.<\/p>\n\n\n\n<p>OBJETIVOS DE LA PELP<\/p>\n\n\n\n<p>La Planificaci\u00f3n Energ\u00e9tica de Largo Plazo, PELP, tiene por\nobjetivos, los siguientes puntos:&nbsp; <\/p>\n\n\n\n<p>1. Define distintos caminos posibles para el desarrollo del\nsector (llamados escenarios energ\u00e9ticos), los que se construyen a partir de\ndistintos supuestos de futuro y consideran directrices estrat\u00e9gicas (como la\nPol\u00edtica Energ\u00e9tica Nacional y la Ley Marco de Cambio Clim\u00e1tico que se est\u00e1\ndiscutiendo en el Congreso actualmente, as\u00ed como otras leyes, estrategias y\nplanes sectoriales),<\/p>\n\n\n\n<p>2. Identifica la posible existencia de territorios propicios\npara el desarrollo de proyectos energ\u00e9ticos estrat\u00e9gicos en el pa\u00eds, que\npudiesen requerir de parte del Estado una coordinaci\u00f3n entre los actores y el\ndesarrollo de la infraestructura de transmisi\u00f3n habilitante para establecer\nproyectos, dado su potencial aporte a la sustentabilidad y el desarrollo local\n(denominados Polos de Desarrollo),<\/p>\n\n\n\n<p>3. Proyecta el futuro del consumo y la oferta energ\u00e9tica\nrequerida por el pa\u00eds,<\/p>\n\n\n\n<p>4. Insuma la toma de decisiones de pol\u00edtica p\u00fablica del\nsector,<\/p>\n\n\n\n<p>5. Orienta, por mandato legal, el desarrollo de la\ntransmisi\u00f3n el\u00e9ctrica del pa\u00eds,<\/p>\n\n\n\n<p>6. Eval\u00faa las posibles oportunidades de integraci\u00f3n\nenerg\u00e9tica con otros pa\u00edses e interconexiones internacionales,<\/p>\n\n\n\n<p>7. Identifica las oportunidades de innovaci\u00f3n y adopci\u00f3n\ntecnol\u00f3gica requeridas para un desarrollo sostenible,<\/p>\n\n\n\n<p>8. Contempla una instancia de participaci\u00f3n ciudadana que\nayuda a legitimar la mirada de largo plazo del pa\u00eds en materia energ\u00e9tica, y<\/p>\n\n\n\n<p>9. Provee un mapeo de los pasos que vienen en el desarrollo\ndel sector energ\u00eda a mediano y largo plazo, permitiendo establecer prioridades\nen las acciones para abordarlos.<\/p>\n","protected":false},"excerpt":{"rendered":"<p>el SEREMI (s) de Energ\u00eda de Magallanes, Carlos Olave Solar, invit\u00f3 a la comunidad regional a ser parte de la Planificaci\u00f3n Energ\u00e9tica de Largo Plazo (PELP). El SEREMI Olave explic\u00f3&#8230; <a class=\"read-more\" href=\"https:\/\/www.radiopresidenteibanez.cl\/web\/secretaria-de-energia-de-magallanes-invita-a-ser-parte-de-la-planificacion-energetica-de-largo-plazo\/\">Leer m\u00e1s<\/a><\/p>\n","protected":false},"author":2,"featured_media":18874,"comment_status":"closed","ping_status":"closed","sticky":false,"template":"","format":"standard","meta":{"footnotes":""},"categories":[1],"tags":[],"class_list":["post-18873","post","type-post","status-publish","format-standard","has-post-thumbnail","hentry","category-cronica"],"_links":{"self":[{"href":"https:\/\/www.radiopresidenteibanez.cl\/web\/wp-json\/wp\/v2\/posts\/18873","targetHints":{"allow":["GET"]}}],"collection":[{"href":"https:\/\/www.radiopresidenteibanez.cl\/web\/wp-json\/wp\/v2\/posts"}],"about":[{"href":"https:\/\/www.radiopresidenteibanez.cl\/web\/wp-json\/wp\/v2\/types\/post"}],"author":[{"embeddable":true,"href":"https:\/\/www.radiopresidenteibanez.cl\/web\/wp-json\/wp\/v2\/users\/2"}],"replies":[{"embeddable":true,"href":"https:\/\/www.radiopresidenteibanez.cl\/web\/wp-json\/wp\/v2\/comments?post=18873"}],"version-history":[{"count":0,"href":"https:\/\/www.radiopresidenteibanez.cl\/web\/wp-json\/wp\/v2\/posts\/18873\/revisions"}],"wp:featuredmedia":[{"embeddable":true,"href":"https:\/\/www.radiopresidenteibanez.cl\/web\/wp-json\/wp\/v2\/media\/18874"}],"wp:attachment":[{"href":"https:\/\/www.radiopresidenteibanez.cl\/web\/wp-json\/wp\/v2\/media?parent=18873"}],"wp:term":[{"taxonomy":"category","embeddable":true,"href":"https:\/\/www.radiopresidenteibanez.cl\/web\/wp-json\/wp\/v2\/categories?post=18873"},{"taxonomy":"post_tag","embeddable":true,"href":"https:\/\/www.radiopresidenteibanez.cl\/web\/wp-json\/wp\/v2\/tags?post=18873"}],"curies":[{"name":"wp","href":"https:\/\/api.w.org\/{rel}","templated":true}]}}