{"id":18871,"date":"2021-02-28T15:40:44","date_gmt":"2021-02-28T15:40:44","guid":{"rendered":"https:\/\/www.radiopresidenteibanez.cl\/web\/?p=18871"},"modified":"2021-02-28T15:40:49","modified_gmt":"2021-02-28T15:40:49","slug":"tasa-de-desempleo-queda-en-55-y-continua-tendencia-a-la-baja","status":"publish","type":"post","link":"https:\/\/www.radiopresidenteibanez.cl\/web\/tasa-de-desempleo-queda-en-55-y-continua-tendencia-a-la-baja\/","title":{"rendered":"TASA DE DESEMPLEO QUEDA EN 5,5% Y CONTIN\u00daA TENDENCIA A LA BAJA"},"content":{"rendered":"\n<p>Como es habitual a fines de cada mes,\ndurante esta jornada el Instituto Nacional de Estad\u00edsticas (Ine) emiti\u00f3 el\nbolet\u00edn de empleo correspondiente al trimestre m\u00f3vil noviembre, diciembre y\nenero reci\u00e9n pasados.<\/p>\n\n\n\n<p>Dicho instrumento, seg\u00fan lo destac\u00f3\nhoy la Seremi del Trabajo, Victoria Cort\u00e9s Schiattino, reflej\u00f3 una nueva\ndisminuci\u00f3n de la tasa de desocupaci\u00f3n con respecto al trimestre m\u00f3vil\ninmediatamente anterior, pasando de un 7,2% a un 5,5% al d\u00eda de hoy.<\/p>\n\n\n\n<p>En palabras de la autoridad laboral,\n\u201cesta es la tasa m\u00e1s baja que hemos tenido desde que inici\u00f3 la pandemia, lo que\nnos tiene bastante conformes. Hay que destacar que, en relaci\u00f3n al pen\u00faltimo\ninforme emitido por el INE, se observa una disminuci\u00f3n de 1,7 puntos en torno a\nla tasa de desempleo. Si bien es cierto, se observa un aumento de 1,9 puntos\ncomparando estos meses con igual per\u00edodo del a\u00f1o 2020, no es menor el descenso\nque hemos tenido en esta \u00faltima medici\u00f3n\u201d.<\/p>\n\n\n\n<p>En cuanto al n\u00famero de ocupados y\nfuerza laboral en la zona, existe un aumento de ambos, quedando en casi 82 mil\npersonas ocupadas y un total de casi 87 mil que conforman actualmente la fuerza\nde trabajo en la regi\u00f3n.<\/p>\n\n\n\n<p>Por otro lado, \u201ctambi\u00e9n hay una\ndisminuci\u00f3n en la brecha laboral existente entre hombres y mujeres. Pasamos de\ntener en el informe anterior del Ine, una tasa de desempleo femenino de un 8,0%\na un 6,4% en este \u00faltimo per\u00edodo. Esto demuestra que las herramientas\nimpulsadas por el gobierno del Presidente Sebasti\u00e1n Pi\u00f1era, espec\u00edficamente, los\nincentivos del Subsidio al Empleo y el Subsidio Protege est\u00e1n siendo efectivos\ny ese es el camino en el que seguiremos trabajando\u201d.<\/p>\n\n\n\n<p>A pesar de este positivo balance, la\nautoridad laboral recalc\u00f3 que el desempleo a\u00fan contin\u00faa en rangos m\u00e1s altos de\nlo normal para la regi\u00f3n, por lo que se ha reforzado el trabajo con dirigentes\nsindicales y la difusi\u00f3n de los instrumentos que permitir\u00e1n continuar recuperando\nel empleo.<\/p>\n\n\n\n<p>En este sentido, el Gobierno ya\nextendi\u00f3 la Ley de Protecci\u00f3n del Empleo para proteger a los trabajadores que\nrequieran esta ayuda, modificaci\u00f3n que entrar\u00e1 en vigencia a partir de este mes\nde marzo.<\/p>\n\n\n\n<p>Asimismo, se anunci\u00f3 que se est\u00e1\nevaluando fortalecer el Subsidio al Empleo en sus l\u00edneas \u201cRegresa\u201d y \u201cContrata\u201d\npara dar un mayor empuje a la reactivaci\u00f3n en aquellos sectores que la\nsituaci\u00f3n sanitaria lo permita.<\/p>\n","protected":false},"excerpt":{"rendered":"<p>Como es habitual a fines de cada mes, durante esta jornada el Instituto Nacional de Estad\u00edsticas (Ine) emiti\u00f3 el bolet\u00edn de empleo correspondiente al trimestre m\u00f3vil noviembre, diciembre y enero&#8230; <a class=\"read-more\" href=\"https:\/\/www.radiopresidenteibanez.cl\/web\/tasa-de-desempleo-queda-en-55-y-continua-tendencia-a-la-baja\/\">Leer m\u00e1s<\/a><\/p>\n","protected":false},"author":2,"featured_media":10712,"comment_status":"closed","ping_status":"closed","sticky":false,"template":"","format":"standard","meta":{"footnotes":""},"categories":[1],"tags":[],"class_list":["post-18871","post","type-post","status-publish","format-standard","has-post-thumbnail","hentry","category-cronica"],"_links":{"self":[{"href":"https:\/\/www.radiopresidenteibanez.cl\/web\/wp-json\/wp\/v2\/posts\/18871","targetHints":{"allow":["GET"]}}],"collection":[{"href":"https:\/\/www.radiopresidenteibanez.cl\/web\/wp-json\/wp\/v2\/posts"}],"about":[{"href":"https:\/\/www.radiopresidenteibanez.cl\/web\/wp-json\/wp\/v2\/types\/post"}],"author":[{"embeddable":true,"href":"https:\/\/www.radiopresidenteibanez.cl\/web\/wp-json\/wp\/v2\/users\/2"}],"replies":[{"embeddable":true,"href":"https:\/\/www.radiopresidenteibanez.cl\/web\/wp-json\/wp\/v2\/comments?post=18871"}],"version-history":[{"count":0,"href":"https:\/\/www.radiopresidenteibanez.cl\/web\/wp-json\/wp\/v2\/posts\/18871\/revisions"}],"wp:featuredmedia":[{"embeddable":true,"href":"https:\/\/www.radiopresidenteibanez.cl\/web\/wp-json\/wp\/v2\/media\/10712"}],"wp:attachment":[{"href":"https:\/\/www.radiopresidenteibanez.cl\/web\/wp-json\/wp\/v2\/media?parent=18871"}],"wp:term":[{"taxonomy":"category","embeddable":true,"href":"https:\/\/www.radiopresidenteibanez.cl\/web\/wp-json\/wp\/v2\/categories?post=18871"},{"taxonomy":"post_tag","embeddable":true,"href":"https:\/\/www.radiopresidenteibanez.cl\/web\/wp-json\/wp\/v2\/tags?post=18871"}],"curies":[{"name":"wp","href":"https:\/\/api.w.org\/{rel}","templated":true}]}}