{"id":18868,"date":"2021-02-28T15:33:41","date_gmt":"2021-02-28T15:33:41","guid":{"rendered":"https:\/\/www.radiopresidenteibanez.cl\/web\/?p=18868"},"modified":"2021-02-28T15:33:46","modified_gmt":"2021-02-28T15:33:46","slug":"finalizan-obras-de-conservacion-de-la-piscina-fiscal-de-punta-arenas","status":"publish","type":"post","link":"https:\/\/www.radiopresidenteibanez.cl\/web\/finalizan-obras-de-conservacion-de-la-piscina-fiscal-de-punta-arenas\/","title":{"rendered":"FINALIZAN OBRAS DE CONSERVACI\u00d3N DE LA PISCINA FISCAL DE PUNTA ARENAS"},"content":{"rendered":"\n<p>El Ministerio del Deporte e Instituto\nNacional de Deportes realizaron una millonaria inversi\u00f3n para la conservaci\u00f3n\nde la Piscina Fiscal de Punta Arenas, la que consisti\u00f3 en la mejora del sistema\nde calefacci\u00f3n y manejo de aire del recinto.<\/p>\n\n\n\n<p>Con una inversi\u00f3n de m\u00e1s de 300\nmillones de pesos, los trabajos en la piscina temperada consideraron la\ninstalaci\u00f3n de unidades manejadoras de aire, cambio de ductos de ventilaci\u00f3n,\nconstrucci\u00f3n de una nueva sala de caldera, y habilitaci\u00f3n de acceso universal. <\/p>\n\n\n\n<p>Por lo mismo, con la entrega\nprovisoria ya realizada, durante la pr\u00f3xima semana se realizar\u00e1 una prueba de\nlos equipos, la que consistir\u00e1 en la regulaci\u00f3n de la temperatura del agua y de\nlos nuevos equipos instalados en la piscina ubicada al interior del Gimnasio\nFiscal. <\/p>\n\n\n\n<p>Estos arreglos se suman a los\nrealizados en los \u00faltimos a\u00f1os en la piscina Fiscal, tales como los hechos para\nlos Juegos de la Araucan\u00eda del 2018 con la reparaci\u00f3n completo del vaso de la\npiscina, incluida la pintura del fondo y la reparaci\u00f3n de las baldosas, adem\u00e1s\nde la adquisici\u00f3n de un marcador electr\u00f3nico y partidores de nivel ol\u00edmpico.<\/p>\n\n\n\n<p>\u201cLa Piscina Fiscal en un a\u00f1o normal\natiende a m\u00e1s de 65 mil personas, entre ni\u00f1os, ni\u00f1as, adultos mayores y\ncomunidad general, por lo que las mejoras que se han estado realizando van en\npos de entregar las mejores condiciones para su uso. Aprovechamos este tiempo\nque nuestros recintos estuvieron cerrados para realizar las conservaciones\nnecesarias y as\u00ed estar listos para el momento de la apertura\u201d, se\u00f1al\u00f3 la Seremi\ndel Deporte de la Regi\u00f3n de Magallanes y Ant\u00e1rtica Chilena, Odette Callahan,\ntras la recepci\u00f3n provisoria de las obras.<\/p>\n\n\n\n<p>Adem\u00e1s, agreg\u00f3 que \u201cestas obras\nse suman a las distintas reparaciones que hemos realizado en el Complejo\nFiscal, donde, por ejemplo, en 2019 cambiamos las butacas del Gimnasio y as\u00ed\ncumplimos con los est\u00e1ndares de calidad que nuestros usuarios merecen. La\ninversi\u00f3n en infraestructura ha sido uno de los pilares en materia deportiva\npara el gobierno de Sebasti\u00e1n Pi\u00f1era y en la regi\u00f3n seguiremos trabajando para\ntener recintos acordes a los requerimientos de nuestros beneficiarios\u201d. <\/p>\n\n\n\n<p>En materia de inversi\u00f3n en\ninfraestructura deportiva durante 2021, los arreglos realizados en la Piscina\nFiscal se suman a la ya entregada conservaci\u00f3n del Hotel Deportivo de Punta\nArenas, donde se realiz\u00f3 un proyecto de casi 200 millones que consider\u00f3 trabajos\nde pintura exterior e interior, pavimentaci\u00f3n, cambio de porcelanatos de pisos\ny muros, nuevos artefactos sanitarios, cambio de iluminaci\u00f3n e instalaciones\nnuevas de servicios b\u00e1sicos.<\/p>\n","protected":false},"excerpt":{"rendered":"<p>El Ministerio del Deporte e Instituto Nacional de Deportes realizaron una millonaria inversi\u00f3n para la conservaci\u00f3n de la Piscina Fiscal de Punta Arenas, la que consisti\u00f3 en la mejora del&#8230; <a class=\"read-more\" href=\"https:\/\/www.radiopresidenteibanez.cl\/web\/finalizan-obras-de-conservacion-de-la-piscina-fiscal-de-punta-arenas\/\">Leer m\u00e1s<\/a><\/p>\n","protected":false},"author":2,"featured_media":18869,"comment_status":"closed","ping_status":"closed","sticky":false,"template":"","format":"standard","meta":{"footnotes":""},"categories":[1],"tags":[],"class_list":["post-18868","post","type-post","status-publish","format-standard","has-post-thumbnail","hentry","category-cronica"],"_links":{"self":[{"href":"https:\/\/www.radiopresidenteibanez.cl\/web\/wp-json\/wp\/v2\/posts\/18868","targetHints":{"allow":["GET"]}}],"collection":[{"href":"https:\/\/www.radiopresidenteibanez.cl\/web\/wp-json\/wp\/v2\/posts"}],"about":[{"href":"https:\/\/www.radiopresidenteibanez.cl\/web\/wp-json\/wp\/v2\/types\/post"}],"author":[{"embeddable":true,"href":"https:\/\/www.radiopresidenteibanez.cl\/web\/wp-json\/wp\/v2\/users\/2"}],"replies":[{"embeddable":true,"href":"https:\/\/www.radiopresidenteibanez.cl\/web\/wp-json\/wp\/v2\/comments?post=18868"}],"version-history":[{"count":0,"href":"https:\/\/www.radiopresidenteibanez.cl\/web\/wp-json\/wp\/v2\/posts\/18868\/revisions"}],"wp:featuredmedia":[{"embeddable":true,"href":"https:\/\/www.radiopresidenteibanez.cl\/web\/wp-json\/wp\/v2\/media\/18869"}],"wp:attachment":[{"href":"https:\/\/www.radiopresidenteibanez.cl\/web\/wp-json\/wp\/v2\/media?parent=18868"}],"wp:term":[{"taxonomy":"category","embeddable":true,"href":"https:\/\/www.radiopresidenteibanez.cl\/web\/wp-json\/wp\/v2\/categories?post=18868"},{"taxonomy":"post_tag","embeddable":true,"href":"https:\/\/www.radiopresidenteibanez.cl\/web\/wp-json\/wp\/v2\/tags?post=18868"}],"curies":[{"name":"wp","href":"https:\/\/api.w.org\/{rel}","templated":true}]}}