{"id":18865,"date":"2021-02-28T15:27:18","date_gmt":"2021-02-28T15:27:18","guid":{"rendered":"https:\/\/www.radiopresidenteibanez.cl\/web\/?p=18865"},"modified":"2021-02-28T15:27:23","modified_gmt":"2021-02-28T15:27:23","slug":"la-tia-rica-sube-nuevamente-prestamo-por-gramo-de-oro-a-historicos-13-500","status":"publish","type":"post","link":"https:\/\/www.radiopresidenteibanez.cl\/web\/la-tia-rica-sube-nuevamente-prestamo-por-gramo-de-oro-a-historicos-13-500\/","title":{"rendered":"LA \u201cT\u00cdA RICA\u201d SUBE NUEVAMENTE PR\u00c9STAMO POR GRAMO DE ORO A HIST\u00d3RICOS $13.500"},"content":{"rendered":"\n<p>El valor del pr\u00e9stamo por gramo de\noro de la Direcci\u00f3n del Cr\u00e9dito Prendario \u2013m\u00e1s conocida como la \u201cT\u00eda Rica\u201d-\nsubir\u00e1 en marzo de $12.500 a $13.500, retornando de esta forma al monto m\u00e1s\nalto en la historia de la instituci\u00f3n, que recientemente cumpli\u00f3 101 a\u00f1os.<\/p>\n\n\n\n<p>As\u00ed lo dio a conocer esta ma\u00f1ana la\nSeremi del Trabajo, Victoria Cort\u00e9s Schiattino, junto al administrador regional\nde la Dicrep Magallanes, Claudio Reyes Guti\u00e9rrez, quienes invitaron a los\nusuarios magall\u00e1nicos a acercarse a las dependencias de la T\u00eda Rica en Punta\nArenas.<\/p>\n\n\n\n<p>\u201cEn un esfuerzo importante del\ngobierno del Presidente Sebasti\u00e1n Pi\u00f1era, se hace un nuevo aumento hist\u00f3rico,\npasando de $12.500 a $13.500 el valor por el pr\u00e9stamo del gramo de oro. De esta\nforma, esperamos cumplir el objetivo de la \u201cT\u00eda Rica\u201d de ser una ayuda efectiva\npara todos nuestros usuarios que, sabemos, en el mes de febrero y marzo tienen\nm\u00e1s gastos, por tanto, la invitaci\u00f3n a quienes requieren de este cr\u00e9dito social,\nse acerquen a las oficinas, ubicadas en Lautaro Navarro N\u00b01024, de lunes a\nviernes, de 9 a 14 horas\u201d, destac\u00f3 la autoridad laboral.<\/p>\n\n\n\n<p>A esta noticia se suman dos\nimportantes anuncios realizados en el mes de febrero, el primero relacionado\ncon el pago de nuevos cr\u00e9ditos v\u00eda transferencia electr\u00f3nica, con lo cual se\notorga mayor seguridad a los usuarios y, ahora, el aumento de los montos\nm\u00e1ximos de pr\u00e9stamos anunciado hoy por el administrador regional.<\/p>\n\n\n\n<p>\u201cLa Dicrep, al cumplir 101 a\u00f1os\nnuevamente est\u00e1 sorprendiendo a todos nuestros usuarios, es as\u00ed que, junto con\nel aumento del gramo de oro, tambi\u00e9n subir\u00e1n los montos m\u00e1ximos de pr\u00e9stamo. Los\nmeses de marzo, nosotros realizamos estos aumentos para ayudar a las personas a\nsolventar los gastos que se vienen en esta \u00e9poca y, adem\u00e1s, retribuir la\nconfianza que ellos depositan en nosotros. Recordamos, adem\u00e1s, que ahora\ntenemos transferencia electr\u00f3nica, por lo que invitamos a los usuarios a\npreferir este nuevo sistema que es r\u00e1pido y seguro\u201d, recalc\u00f3 Reyes.<\/p>\n\n\n\n<p>En este sentido, inform\u00f3 que los\nmontos m\u00e1ximos de pr\u00e9stamo aumentaron de $2.800.000 a $3.500.000 para\nsolicitudes de pr\u00e9stamo por Rut. Adem\u00e1s, en lo que respecta a pr\u00e9stamo por\nalhajas, el monto m\u00e1ximo pas\u00f3 de $250.000 a $500.000 y en objetos varios, se\nampli\u00f3 de $150.000 a $200.000. <\/p>\n\n\n\n<p>Todos positivos anuncios destacados\npor la autoridad laboral durante estos d\u00edas para ir en ayuda de los\nmagall\u00e1nicos que m\u00e1s lo requieran en esta \u00e9poca del a\u00f1o.<\/p>\n","protected":false},"excerpt":{"rendered":"<p>El valor del pr\u00e9stamo por gramo de oro de la Direcci\u00f3n del Cr\u00e9dito Prendario \u2013m\u00e1s conocida como la \u201cT\u00eda Rica\u201d- subir\u00e1 en marzo de $12.500 a $13.500, retornando de esta&#8230; <a class=\"read-more\" href=\"https:\/\/www.radiopresidenteibanez.cl\/web\/la-tia-rica-sube-nuevamente-prestamo-por-gramo-de-oro-a-historicos-13-500\/\">Leer m\u00e1s<\/a><\/p>\n","protected":false},"author":2,"featured_media":18866,"comment_status":"closed","ping_status":"closed","sticky":false,"template":"","format":"standard","meta":{"footnotes":""},"categories":[1],"tags":[],"class_list":["post-18865","post","type-post","status-publish","format-standard","has-post-thumbnail","hentry","category-cronica"],"_links":{"self":[{"href":"https:\/\/www.radiopresidenteibanez.cl\/web\/wp-json\/wp\/v2\/posts\/18865","targetHints":{"allow":["GET"]}}],"collection":[{"href":"https:\/\/www.radiopresidenteibanez.cl\/web\/wp-json\/wp\/v2\/posts"}],"about":[{"href":"https:\/\/www.radiopresidenteibanez.cl\/web\/wp-json\/wp\/v2\/types\/post"}],"author":[{"embeddable":true,"href":"https:\/\/www.radiopresidenteibanez.cl\/web\/wp-json\/wp\/v2\/users\/2"}],"replies":[{"embeddable":true,"href":"https:\/\/www.radiopresidenteibanez.cl\/web\/wp-json\/wp\/v2\/comments?post=18865"}],"version-history":[{"count":0,"href":"https:\/\/www.radiopresidenteibanez.cl\/web\/wp-json\/wp\/v2\/posts\/18865\/revisions"}],"wp:featuredmedia":[{"embeddable":true,"href":"https:\/\/www.radiopresidenteibanez.cl\/web\/wp-json\/wp\/v2\/media\/18866"}],"wp:attachment":[{"href":"https:\/\/www.radiopresidenteibanez.cl\/web\/wp-json\/wp\/v2\/media?parent=18865"}],"wp:term":[{"taxonomy":"category","embeddable":true,"href":"https:\/\/www.radiopresidenteibanez.cl\/web\/wp-json\/wp\/v2\/categories?post=18865"},{"taxonomy":"post_tag","embeddable":true,"href":"https:\/\/www.radiopresidenteibanez.cl\/web\/wp-json\/wp\/v2\/tags?post=18865"}],"curies":[{"name":"wp","href":"https:\/\/api.w.org\/{rel}","templated":true}]}}