{"id":18862,"date":"2021-02-28T15:23:07","date_gmt":"2021-02-28T15:23:07","guid":{"rendered":"https:\/\/www.radiopresidenteibanez.cl\/web\/?p=18862"},"modified":"2021-02-28T15:23:12","modified_gmt":"2021-02-28T15:23:12","slug":"mas-de-20-mil-hogares-de-magallanes-comenzaron-a-recibir-el-ife-y-bono-covid-de-febrero","status":"publish","type":"post","link":"https:\/\/www.radiopresidenteibanez.cl\/web\/mas-de-20-mil-hogares-de-magallanes-comenzaron-a-recibir-el-ife-y-bono-covid-de-febrero\/","title":{"rendered":"M\u00c1S DE 20 MIL HOGARES DE MAGALLANES COMENZARON A RECIBIR EL IFE Y BONO COVID DE FEBRERO"},"content":{"rendered":"\n<p>A contar de hoy viernes comienza el proceso de pago del Ingreso Familiar de Emergencia (IFE) y Bono Covid correspondiente al mes de febrero, ayudas creadas por el Gobierno de Chile para apoyar econ\u00f3micamente a las familias m\u00e1s vulnerables que han sufrido los impactos de la pandemia.<\/p>\n\n\n\n<p>En este pago ser\u00e1n beneficiados 2,4 millones de hogares y 6,3 millones de personas. Hay que destacar que por primera vez recibir\u00e1n el beneficio de manera autom\u00e1tica y sin previa solicitud, las personas que perciben el Subsidio \u00danico Familiar (SUF) y que son parte del sistema Seguridades y Oportunidades (SSyOO). Esta entrega autom\u00e1tica llegar\u00e1 a cerca de un mill\u00f3n de personas.<\/p>\n\n\n\n<p>Para este segundo pago del a\u00f1o se consider\u00f3 el periodo entre el 28 de diciembre hasta el 31 de enero en que estuvo cada comuna del pa\u00eds seg\u00fan la fase del Plan Paso a Paso, debido a que los montos dependen de este factor, los que van desde los $100 mil a los $25 mil por integrante.<\/p>\n\n\n\n<p>El Intendente de Magallanes y la Ant\u00e1rtica Chilena subrogante, Alejandro V\u00e1squez, se\u00f1al\u00f3 que \u201cque con el IFE y Bono Covid de febrero estamos llegando a 20.654 hogares de la regi\u00f3n, beneficios que forma parte del conjunto de medidas reunidas en la Red de Protecci\u00f3n Social, implementada por el gobierno para ayudar a los hogares que vieron afectadas sus fuentes de ingresos por los efectos socioecon\u00f3micos de la pandemia\u201d.<\/p>\n\n\n\n<p>A su vez, la&nbsp;Seremi de Desarrollo Social y Familia subrogante, Catalina Alarc\u00f3n, valor\u00f3 el esfuerzo del Gobierno en extender ambos apoyos durante los meses de marzo y abril. \u201cQuiero hacer un llamado a que la comunidad solicite estas ayudas que se extender\u00e1n durante los pr\u00f3ximos dos meses. Los hogares que pertenezcan al 60% m\u00e1s vulnerable de acuerdo al Registro Social de Hogares (RSH) y quienes hayan recibido el sexto aporte del IFE (29 de octubre), deben hacerlo&nbsp;a trav\u00e9s de sitio web&nbsp;<a href=\"http:\/\/www.ingresodeemergencia.cl\/\" target=\"_blank\" rel=\"noreferrer noopener\">www.ingresodeemergencia.cl<\/a>, entre el 5 y el 15 de marzo, para que ninguna familia de la regi\u00f3n quede desamparada y sin protecci\u00f3n\u201d, manifest\u00f3.<\/p>\n\n\n\n<p>Respecto a las fases el Plan Paso a Paso en que estuvo cada comuna de Magallanes, Cabo de Hornos, Natales, Porvenir y Punta Arenas recibir\u00e1n un monto de $40.000 por persona integrante del hogar por encontrase en la fase de Transici\u00f3n. Mientras que las comunas de Ant\u00e1rtica, Laguna Blanca, Primavera, R\u00edo Verde, San Gregorio, Timaukel, Torres del Paine, por haber estado en Preparaci\u00f3n, obtendr\u00e1n $25.000.<\/p>\n\n\n\n<p>El proceso de pago se inicia hoy viernes para quienes reciben el pago en la cuenta rut del Banco Estado, mientras que durante la primera semana de marzo se dar\u00e1 inicio a los pagos presenciales que ser\u00e1n a trav\u00e9s de la Caja de Compensaci\u00f3n Los H\u00e9roes y sucursales del Banco Estado.<\/p>\n","protected":false},"excerpt":{"rendered":"<p>A contar de hoy viernes comienza el proceso de pago del Ingreso Familiar de Emergencia (IFE) y Bono Covid correspondiente al mes de febrero, ayudas creadas por el Gobierno de&#8230; <a class=\"read-more\" href=\"https:\/\/www.radiopresidenteibanez.cl\/web\/mas-de-20-mil-hogares-de-magallanes-comenzaron-a-recibir-el-ife-y-bono-covid-de-febrero\/\">Leer m\u00e1s<\/a><\/p>\n","protected":false},"author":2,"featured_media":18863,"comment_status":"closed","ping_status":"closed","sticky":false,"template":"","format":"standard","meta":{"footnotes":""},"categories":[1],"tags":[],"class_list":["post-18862","post","type-post","status-publish","format-standard","has-post-thumbnail","hentry","category-cronica"],"_links":{"self":[{"href":"https:\/\/www.radiopresidenteibanez.cl\/web\/wp-json\/wp\/v2\/posts\/18862","targetHints":{"allow":["GET"]}}],"collection":[{"href":"https:\/\/www.radiopresidenteibanez.cl\/web\/wp-json\/wp\/v2\/posts"}],"about":[{"href":"https:\/\/www.radiopresidenteibanez.cl\/web\/wp-json\/wp\/v2\/types\/post"}],"author":[{"embeddable":true,"href":"https:\/\/www.radiopresidenteibanez.cl\/web\/wp-json\/wp\/v2\/users\/2"}],"replies":[{"embeddable":true,"href":"https:\/\/www.radiopresidenteibanez.cl\/web\/wp-json\/wp\/v2\/comments?post=18862"}],"version-history":[{"count":0,"href":"https:\/\/www.radiopresidenteibanez.cl\/web\/wp-json\/wp\/v2\/posts\/18862\/revisions"}],"wp:featuredmedia":[{"embeddable":true,"href":"https:\/\/www.radiopresidenteibanez.cl\/web\/wp-json\/wp\/v2\/media\/18863"}],"wp:attachment":[{"href":"https:\/\/www.radiopresidenteibanez.cl\/web\/wp-json\/wp\/v2\/media?parent=18862"}],"wp:term":[{"taxonomy":"category","embeddable":true,"href":"https:\/\/www.radiopresidenteibanez.cl\/web\/wp-json\/wp\/v2\/categories?post=18862"},{"taxonomy":"post_tag","embeddable":true,"href":"https:\/\/www.radiopresidenteibanez.cl\/web\/wp-json\/wp\/v2\/tags?post=18862"}],"curies":[{"name":"wp","href":"https:\/\/api.w.org\/{rel}","templated":true}]}}