{"id":18860,"date":"2021-02-28T15:19:57","date_gmt":"2021-02-28T15:19:57","guid":{"rendered":"https:\/\/www.radiopresidenteibanez.cl\/web\/?p=18860"},"modified":"2021-02-28T15:20:05","modified_gmt":"2021-02-28T15:20:05","slug":"consejero-de-tierra-del-fuego-oficia-a-ministra-de-transportes-y-telecomunicaciones-y-solicita-audiencia-para-requerir-que-proyecto-fibra-optica-sea-implementado-en-la-provincia","status":"publish","type":"post","link":"https:\/\/www.radiopresidenteibanez.cl\/web\/consejero-de-tierra-del-fuego-oficia-a-ministra-de-transportes-y-telecomunicaciones-y-solicita-audiencia-para-requerir-que-proyecto-fibra-optica-sea-implementado-en-la-provincia\/","title":{"rendered":"CONSEJERO DE TIERRA DEL FUEGO OFICIA A MINISTRA DE TRANSPORTES Y TELECOMUNICACIONES Y SOLICITA AUDIENCIA PARA REQUERIR QUE PROYECTO FIBRA \u00d3PTICA SEA IMPLEMENTADO EN LA PROVINCIA"},"content":{"rendered":"\n<p>El consejero regional de Tierra\ndel Fuego, Andr\u00e9s L\u00f3pez, plante\u00f3 en la sesi\u00f3n plenaria de este viernes los\nnumerosos problemas que enfrenta a diario la comunidad fueguina debido a graves\ndeficiencias en la conectividad a internet y requiri\u00f3 enviar un oficio a la\nministra de Transporte y Telecomunicaciones, Gloria Hutt y a la subsecretaria,\nPamela Gidi, denunciando esta situaci\u00f3n y solicitando una audiencia para encontrar\nsoluciones que permitan concretar la implementaci\u00f3n del proyecto Fibra \u00d3ptica\nen la provincia que representa. <\/p>\n\n\n\n<p>Seg\u00fan explic\u00f3 el consejero, \u201choy\ndimos cuenta de la situaci\u00f3n que estamos viviendo en lo que dice relaci\u00f3n a la\nllegada de la Fibra \u00d3ptica a Magallanes y siendo sinceros, en Tierra del Fuego\nno ha servido de nada. Los problemas de conectividad son cada vez peores y se\nseguir\u00e1n complicando ya que existen m\u00e1s necesidades asociadas, no olvidemos que\nel servicio de Impuestos Internos exige boleta electr\u00f3nica y que se nos acercan\nnuevamente las clases semipresenciales. Mucha gente reclama, comerciantes,\ncontadores, servicios p\u00fablicos, llegando al extremo de no lograr abrir un\narchivo que llega por correo electr\u00f3nico\u201d. &nbsp;\n\nL\u00f3pez agreg\u00f3 que \u201cNo veo\nuna soluci\u00f3n concreta ya que en el Plan de Zonas Extremas, no qued\u00f3\nespecificado que pasar\u00eda si no es rentable para las empresas incorporarse a la\nred del proyecto Fibra \u00d3ptica Austral en un determinado territorio y es lo que\nest\u00e1 ocurriendo. No somos atractivos comercialmente y costar\u00e1 mucho que una\nempresa se interese, quiz\u00e1 lamentablemente la \u00fanica soluci\u00f3n sea acordar alg\u00fan\nun tipo de subsidio. Por ello, he planteado al presidente del CORE solicitemos\nuna audiencia con la ministra y la subsecretaria a fin de ver en que quedar\u00e1\ntodo esto, si no ser\u00e1 letra muerta y los fueguinos nos veremos en desmedro por\nno tener nunca la fibra \u00f3ptica operativa\u201d, concluy\u00f3.\n\n\n\n<\/p>\n","protected":false},"excerpt":{"rendered":"<p>El consejero regional de Tierra del Fuego, Andr\u00e9s L\u00f3pez, plante\u00f3 en la sesi\u00f3n plenaria de este viernes los numerosos problemas que enfrenta a diario la comunidad fueguina debido a graves&#8230; <a class=\"read-more\" href=\"https:\/\/www.radiopresidenteibanez.cl\/web\/consejero-de-tierra-del-fuego-oficia-a-ministra-de-transportes-y-telecomunicaciones-y-solicita-audiencia-para-requerir-que-proyecto-fibra-optica-sea-implementado-en-la-provincia\/\">Leer m\u00e1s<\/a><\/p>\n","protected":false},"author":2,"featured_media":16018,"comment_status":"closed","ping_status":"closed","sticky":false,"template":"","format":"standard","meta":{"footnotes":""},"categories":[1],"tags":[],"class_list":["post-18860","post","type-post","status-publish","format-standard","has-post-thumbnail","hentry","category-cronica"],"_links":{"self":[{"href":"https:\/\/www.radiopresidenteibanez.cl\/web\/wp-json\/wp\/v2\/posts\/18860","targetHints":{"allow":["GET"]}}],"collection":[{"href":"https:\/\/www.radiopresidenteibanez.cl\/web\/wp-json\/wp\/v2\/posts"}],"about":[{"href":"https:\/\/www.radiopresidenteibanez.cl\/web\/wp-json\/wp\/v2\/types\/post"}],"author":[{"embeddable":true,"href":"https:\/\/www.radiopresidenteibanez.cl\/web\/wp-json\/wp\/v2\/users\/2"}],"replies":[{"embeddable":true,"href":"https:\/\/www.radiopresidenteibanez.cl\/web\/wp-json\/wp\/v2\/comments?post=18860"}],"version-history":[{"count":0,"href":"https:\/\/www.radiopresidenteibanez.cl\/web\/wp-json\/wp\/v2\/posts\/18860\/revisions"}],"wp:featuredmedia":[{"embeddable":true,"href":"https:\/\/www.radiopresidenteibanez.cl\/web\/wp-json\/wp\/v2\/media\/16018"}],"wp:attachment":[{"href":"https:\/\/www.radiopresidenteibanez.cl\/web\/wp-json\/wp\/v2\/media?parent=18860"}],"wp:term":[{"taxonomy":"category","embeddable":true,"href":"https:\/\/www.radiopresidenteibanez.cl\/web\/wp-json\/wp\/v2\/categories?post=18860"},{"taxonomy":"post_tag","embeddable":true,"href":"https:\/\/www.radiopresidenteibanez.cl\/web\/wp-json\/wp\/v2\/tags?post=18860"}],"curies":[{"name":"wp","href":"https:\/\/api.w.org\/{rel}","templated":true}]}}