{"id":1886,"date":"2019-03-05T15:24:50","date_gmt":"2019-03-05T15:24:50","guid":{"rendered":"http:\/\/www.radiopresidenteibanez.cl\/web\/?p=1886"},"modified":"2019-03-05T15:25:35","modified_gmt":"2019-03-05T15:25:35","slug":"sernageomin-participa-en-exploracion-al-volcan-mas-austral-del-continente-americano","status":"publish","type":"post","link":"https:\/\/www.radiopresidenteibanez.cl\/web\/sernageomin-participa-en-exploracion-al-volcan-mas-austral-del-continente-americano\/","title":{"rendered":"SERNAGEOMIN PARTICIPA EN EXPLORACI\u00d3N AL VOLC\u00c1N M\u00c1S AUSTRAL DEL CONTINENTE AMERICANO"},"content":{"rendered":"\n<p>Buscando proteger a Puerto Williams como\nreserva mundial de la Bi\u00f3sfera nombrada por la Unesco, el Municipio de Cabo de\nHornos y la empresa magall\u00e1nica RECIPAT, firmaron un convenio mantener de forma\ncontinua un servicio de reciclaje que permitir\u00e1 sacar los residuos de forma\nsemestral.<\/p>\n\n\n\n<p>Patricio Fern\u00e1ndez, Alcalde de Cabo de Hornos,\nse mostr\u00f3 satisfecho con la iniciativa, manifestando que \u201cestamos muy contentos\ncomo comunidad, es algo anhelado por todos. Hoy la necesidad es Williams es\nprioritaria, manteniendo el concepto de comuna verde que lo hemos estado\nmanifestando hace bastante tiempo\u201d.<\/p>\n\n\n\n<p>\u201cQueremos comprometer a la comunidad a seguir\neduc\u00e1ndose y buscaremos los recursos para poder trasladar estos residuos a\nRECIPAT en Punta Arenas\u201d, asegur\u00f3 la autoridad comunal.<\/p>\n\n\n\n<p>En tanto, Lisette Salles, representante de\nRECIPAT explic\u00f3 la forma de operativizar el convenio, explicando que \u201cla\nMunicipalidad se har\u00e1 cargo del traslado de la isla hasta Punta Arenas,\nnosotros pondremos nuestros camiones para que vaya hasta tres puentes,\nvaci\u00e1ndolos en 24 horas para que puedan retornar\u201d. &nbsp;<\/p>\n\n\n\n<p>El convenio incluye un cronograma de educaci\u00f3n\nambiental, que busca la comunidad entienda de manera efectiva lo que implica el\nreciclaje. \u201cEl residuo enterrado, en este caso el pl\u00e1stico, es tan da\u00f1ino como\nel petr\u00f3leo que cae en el mar, por eso tenemos que evitar que a los vertederos\nno llegue ese tipo de material\u201d, sentenci\u00f3 Salles.<\/p>\n","protected":false},"excerpt":{"rendered":"<p>Buscando proteger a Puerto Williams como reserva mundial de la Bi\u00f3sfera nombrada por la Unesco, el Municipio de Cabo de Hornos y la empresa magall\u00e1nica RECIPAT, firmaron un convenio mantener&#8230; <a class=\"read-more\" href=\"https:\/\/www.radiopresidenteibanez.cl\/web\/sernageomin-participa-en-exploracion-al-volcan-mas-austral-del-continente-americano\/\">Leer m\u00e1s<\/a><\/p>\n","protected":false},"author":2,"featured_media":1887,"comment_status":"closed","ping_status":"closed","sticky":false,"template":"","format":"standard","meta":{"footnotes":""},"categories":[1],"tags":[],"class_list":["post-1886","post","type-post","status-publish","format-standard","has-post-thumbnail","hentry","category-cronica"],"_links":{"self":[{"href":"https:\/\/www.radiopresidenteibanez.cl\/web\/wp-json\/wp\/v2\/posts\/1886","targetHints":{"allow":["GET"]}}],"collection":[{"href":"https:\/\/www.radiopresidenteibanez.cl\/web\/wp-json\/wp\/v2\/posts"}],"about":[{"href":"https:\/\/www.radiopresidenteibanez.cl\/web\/wp-json\/wp\/v2\/types\/post"}],"author":[{"embeddable":true,"href":"https:\/\/www.radiopresidenteibanez.cl\/web\/wp-json\/wp\/v2\/users\/2"}],"replies":[{"embeddable":true,"href":"https:\/\/www.radiopresidenteibanez.cl\/web\/wp-json\/wp\/v2\/comments?post=1886"}],"version-history":[{"count":0,"href":"https:\/\/www.radiopresidenteibanez.cl\/web\/wp-json\/wp\/v2\/posts\/1886\/revisions"}],"wp:featuredmedia":[{"embeddable":true,"href":"https:\/\/www.radiopresidenteibanez.cl\/web\/wp-json\/wp\/v2\/media\/1887"}],"wp:attachment":[{"href":"https:\/\/www.radiopresidenteibanez.cl\/web\/wp-json\/wp\/v2\/media?parent=1886"}],"wp:term":[{"taxonomy":"category","embeddable":true,"href":"https:\/\/www.radiopresidenteibanez.cl\/web\/wp-json\/wp\/v2\/categories?post=1886"},{"taxonomy":"post_tag","embeddable":true,"href":"https:\/\/www.radiopresidenteibanez.cl\/web\/wp-json\/wp\/v2\/tags?post=1886"}],"curies":[{"name":"wp","href":"https:\/\/api.w.org\/{rel}","templated":true}]}}