{"id":18854,"date":"2021-02-27T02:45:00","date_gmt":"2021-02-27T02:45:00","guid":{"rendered":"https:\/\/www.radiopresidenteibanez.cl\/web\/?p=18854"},"modified":"2021-02-26T14:29:56","modified_gmt":"2021-02-26T14:29:56","slug":"feria-saludable-continuara-los-jueves-y-viernes-de-marzo-en-paseo-bories","status":"publish","type":"post","link":"https:\/\/www.radiopresidenteibanez.cl\/web\/feria-saludable-continuara-los-jueves-y-viernes-de-marzo-en-paseo-bories\/","title":{"rendered":"FERIA SALUDABLE CONTINUAR\u00c1 LOS JUEVES Y VIERNES DE MARZO EN PASEO BORIES"},"content":{"rendered":"\n<p>Con el objetivo de reactivar el comercio y la econom\u00eda local, la Municipalidad de Punta Arenas, impuls\u00f3 la versi\u00f3n Pandemia de las cl\u00e1sicas Ferias Saludables que se hac\u00edan en distintos colegios de la comuna, ahora en plena calle Bories, principal arteria de la ciudad, en la cual productores locales ofrecen sus productos acompa\u00f1ados de buena m\u00fasica y las medidas sanitarias correspondientes.<\/p>\n\n\n\n<p>Es por esto que el d\u00eda de hoy, el Alcalde Claudio Radonich, inform\u00f3 que se mantendr\u00e1 durante todo el mes de marzo. \u201cVamos a mantener la Feria hasta el 31 de marzo, que &nbsp;ha sido todo un \u00e9xito, ya que son peque\u00f1os productores que ven en este lugar un buen espacio de venta, puesto que nos informaron que poseen producci\u00f3n para poder abastecer la Feria en este lugar los d\u00edas jueves y viernes\u201d.<\/p>\n\n\n\n<p>Radonich agreg\u00f3 que \u201cesto le ha dado una vida distinta al centro, vemos como se ha ido recuperando el centro, por lo que esperamos que les vaya muy bien\u201d.<\/p>\n\n\n\n<p>En ese sentido, los asistentes valoraron la idea y expresaron que \u201ces muy buena la iniciativa, porque as\u00ed la gente que no ha podido trabajar en esta pandemia, ahora lo puede hacer, y as\u00ed reactivar todo lo que es el comercio\u201d, seg\u00fan plante\u00f3 Mauricio Ojeda.<\/p>\n\n\n\n<p>Finalmente, el jefe comunal reiter\u00f3 que \u201cesperamos que nuestros vecinos aprovechen los espacios p\u00fablicos que hemos ido mejorando como Municipalidad, como por ejemplo, la limpieza de Avenida Col\u00f3n, que ya est\u00e1 sin rayados, y tambi\u00e9n resaltar que las empresas han aportado a la iniciativa municipal para recuperar el Centro\u201d.<\/p>\n\n\n\n<p>La Feria se mantendr\u00e1 los d\u00edas jueves y viernes entre las 11 y 14 horas.<\/p>\n","protected":false},"excerpt":{"rendered":"<p>Con el objetivo de reactivar el comercio y la econom\u00eda local, la Municipalidad de Punta Arenas, impuls\u00f3 la versi\u00f3n Pandemia de las cl\u00e1sicas Ferias Saludables que se hac\u00edan en distintos&#8230; <a class=\"read-more\" href=\"https:\/\/www.radiopresidenteibanez.cl\/web\/feria-saludable-continuara-los-jueves-y-viernes-de-marzo-en-paseo-bories\/\">Leer m\u00e1s<\/a><\/p>\n","protected":false},"author":2,"featured_media":18855,"comment_status":"closed","ping_status":"closed","sticky":false,"template":"","format":"standard","meta":{"footnotes":""},"categories":[1],"tags":[],"class_list":["post-18854","post","type-post","status-publish","format-standard","has-post-thumbnail","hentry","category-cronica"],"_links":{"self":[{"href":"https:\/\/www.radiopresidenteibanez.cl\/web\/wp-json\/wp\/v2\/posts\/18854","targetHints":{"allow":["GET"]}}],"collection":[{"href":"https:\/\/www.radiopresidenteibanez.cl\/web\/wp-json\/wp\/v2\/posts"}],"about":[{"href":"https:\/\/www.radiopresidenteibanez.cl\/web\/wp-json\/wp\/v2\/types\/post"}],"author":[{"embeddable":true,"href":"https:\/\/www.radiopresidenteibanez.cl\/web\/wp-json\/wp\/v2\/users\/2"}],"replies":[{"embeddable":true,"href":"https:\/\/www.radiopresidenteibanez.cl\/web\/wp-json\/wp\/v2\/comments?post=18854"}],"version-history":[{"count":0,"href":"https:\/\/www.radiopresidenteibanez.cl\/web\/wp-json\/wp\/v2\/posts\/18854\/revisions"}],"wp:featuredmedia":[{"embeddable":true,"href":"https:\/\/www.radiopresidenteibanez.cl\/web\/wp-json\/wp\/v2\/media\/18855"}],"wp:attachment":[{"href":"https:\/\/www.radiopresidenteibanez.cl\/web\/wp-json\/wp\/v2\/media?parent=18854"}],"wp:term":[{"taxonomy":"category","embeddable":true,"href":"https:\/\/www.radiopresidenteibanez.cl\/web\/wp-json\/wp\/v2\/categories?post=18854"},{"taxonomy":"post_tag","embeddable":true,"href":"https:\/\/www.radiopresidenteibanez.cl\/web\/wp-json\/wp\/v2\/tags?post=18854"}],"curies":[{"name":"wp","href":"https:\/\/api.w.org\/{rel}","templated":true}]}}