{"id":18851,"date":"2021-02-27T02:30:00","date_gmt":"2021-02-27T02:30:00","guid":{"rendered":"https:\/\/www.radiopresidenteibanez.cl\/web\/?p=18851"},"modified":"2021-02-26T14:27:25","modified_gmt":"2021-02-26T14:27:25","slug":"fonoaudiologa-se-sumo-al-equipo-de-rehabilitacion-del-hospital-de-natales","status":"publish","type":"post","link":"https:\/\/www.radiopresidenteibanez.cl\/web\/fonoaudiologa-se-sumo-al-equipo-de-rehabilitacion-del-hospital-de-natales\/","title":{"rendered":"FONOAUDI\u00d3LOGA SE SUM\u00d3 AL EQUIPO DE REHABILITACI\u00d3N DEL                         HOSPITAL DE NATALES"},"content":{"rendered":"\n<p>El Hospital\nDr. Augusto Essmann Burgos ofrece una atenci\u00f3n m\u00e1s integral a pacientes Covid-19,\ncon la incorporaci\u00f3n de la fonoaudi\u00f3loga, Ana Vera. Profesional que cumplir\u00e1 un\nrol fundamental en la rehabilitaci\u00f3n de personas que por problemas\nrespiratorios deben ser intubados y conectados a ventilaci\u00f3n mec\u00e1nica de\nurgencia debido a fallas respiratorias, &nbsp;condici\u00f3n se puede prolongar por mucho tiempo\ny pueden producir, dificultades en la degluci\u00f3n, voz y comunicaci\u00f3n.<\/p>\n\n\n\n<p>&nbsp;&nbsp;&nbsp;&nbsp;&nbsp;&nbsp;&nbsp;&nbsp;&nbsp;&nbsp;&nbsp;&nbsp;&nbsp; Como\nuna buena noticia para la Provincia de \u00daltima Esperanza, catalog\u00f3 el Subdirector\nM\u00e9dico(s) del Hospital de Natales, Dr. Antonio Miranda, la incorporaci\u00f3n de la\nprofesional, dijo: \u201cel rol de la fonoaudiolog\u00eda es muy importante en la\natenci\u00f3n de un paciente Covid, ya que despu\u00e9s de la entubaci\u00f3n se pueden\npresentar algunas secuelas que tienen relaci\u00f3n con problemas de degluci\u00f3n,\ncomunicaci\u00f3n y voz. Estamos muy contentos, de contar con una fonoaudi\u00f3loga que nos\npermitir\u00e1 otorgar una atenci\u00f3n m\u00e1s integral en el proceso de rehabilitaci\u00f3n de nuestros\nusuarios y usuarias\u201d. <\/p>\n\n\n\n<p>&nbsp;&nbsp;&nbsp;&nbsp;&nbsp;&nbsp;&nbsp;&nbsp;&nbsp;&nbsp;&nbsp;&nbsp;&nbsp; Tal\ncomo explic\u00f3, fonoaudi\u00f3loga, Ana Vera, \u201calgunos pacientes\nintubados, que han requerido&nbsp;ventilaci\u00f3n mec\u00e1nica, quedan con secuelas que\nafectan su voz y la funci\u00f3n deglutoria(alimentaci\u00f3n), pues el tubo de\nintubaci\u00f3n pasa entre las cuerdas vocales, separ\u00e1ndolas y rigidiz\u00e1ndolas, lo que\npuede provocar una disminuci\u00f3n o p\u00e9rdida de la voz. Por otro lado, dado que\ndurante la intubaci\u00f3n los pacientes son alimentados por sonda, la funci\u00f3n\ndeglutoria pasa a estar en receso, por lo que es necesario reactivarla\u201d.<\/p>\n\n\n\n<p>&nbsp;&nbsp;&nbsp;&nbsp;&nbsp;&nbsp;&nbsp;&nbsp;&nbsp;&nbsp;&nbsp;&nbsp;&nbsp; Asimismo, la profesional se refiri\u00f3\na la oportunidad que significa trabajar en el recinto de salud, \u201cestoy muy feliz,\nde ser parte del equipo de salud del Hospital de Natales, como la primera Fonoaudi\u00f3loga\nque se incorpora al hospital quiero ser un aporte, promoviendo una atenci\u00f3n integral,\ndisminuyendo las posibles secuelas y d\u00edas de hospitalizaci\u00f3n y favoreciendo\ndirectamente la calidad de vida los pacientes\u201d <\/p>\n","protected":false},"excerpt":{"rendered":"<p>El Hospital Dr. Augusto Essmann Burgos ofrece una atenci\u00f3n m\u00e1s integral a pacientes Covid-19, con la incorporaci\u00f3n de la fonoaudi\u00f3loga, Ana Vera. Profesional que cumplir\u00e1 un rol fundamental en la&#8230; <a class=\"read-more\" href=\"https:\/\/www.radiopresidenteibanez.cl\/web\/fonoaudiologa-se-sumo-al-equipo-de-rehabilitacion-del-hospital-de-natales\/\">Leer m\u00e1s<\/a><\/p>\n","protected":false},"author":2,"featured_media":18852,"comment_status":"closed","ping_status":"closed","sticky":false,"template":"","format":"standard","meta":{"footnotes":""},"categories":[1],"tags":[],"class_list":["post-18851","post","type-post","status-publish","format-standard","has-post-thumbnail","hentry","category-cronica"],"_links":{"self":[{"href":"https:\/\/www.radiopresidenteibanez.cl\/web\/wp-json\/wp\/v2\/posts\/18851","targetHints":{"allow":["GET"]}}],"collection":[{"href":"https:\/\/www.radiopresidenteibanez.cl\/web\/wp-json\/wp\/v2\/posts"}],"about":[{"href":"https:\/\/www.radiopresidenteibanez.cl\/web\/wp-json\/wp\/v2\/types\/post"}],"author":[{"embeddable":true,"href":"https:\/\/www.radiopresidenteibanez.cl\/web\/wp-json\/wp\/v2\/users\/2"}],"replies":[{"embeddable":true,"href":"https:\/\/www.radiopresidenteibanez.cl\/web\/wp-json\/wp\/v2\/comments?post=18851"}],"version-history":[{"count":0,"href":"https:\/\/www.radiopresidenteibanez.cl\/web\/wp-json\/wp\/v2\/posts\/18851\/revisions"}],"wp:featuredmedia":[{"embeddable":true,"href":"https:\/\/www.radiopresidenteibanez.cl\/web\/wp-json\/wp\/v2\/media\/18852"}],"wp:attachment":[{"href":"https:\/\/www.radiopresidenteibanez.cl\/web\/wp-json\/wp\/v2\/media?parent=18851"}],"wp:term":[{"taxonomy":"category","embeddable":true,"href":"https:\/\/www.radiopresidenteibanez.cl\/web\/wp-json\/wp\/v2\/categories?post=18851"},{"taxonomy":"post_tag","embeddable":true,"href":"https:\/\/www.radiopresidenteibanez.cl\/web\/wp-json\/wp\/v2\/tags?post=18851"}],"curies":[{"name":"wp","href":"https:\/\/api.w.org\/{rel}","templated":true}]}}