{"id":18848,"date":"2021-02-27T02:15:00","date_gmt":"2021-02-27T02:15:00","guid":{"rendered":"https:\/\/www.radiopresidenteibanez.cl\/web\/?p=18848"},"modified":"2021-02-26T14:25:12","modified_gmt":"2021-02-26T14:25:12","slug":"seremi-de-educacion-supervisa-implementacion-de-protocolos-en-establecimientos-educacionales-para-el-inicio-del-ano-escolar","status":"publish","type":"post","link":"https:\/\/www.radiopresidenteibanez.cl\/web\/seremi-de-educacion-supervisa-implementacion-de-protocolos-en-establecimientos-educacionales-para-el-inicio-del-ano-escolar\/","title":{"rendered":"SEREMI DE EDUCACI\u00d3N SUPERVISA IMPLEMENTACI\u00d3N DE PROTOCOLOS EN ESTABLECIMIENTOS EDUCACIONALES PARA EL INICIO DEL A\u00d1O ESCOLAR"},"content":{"rendered":"\n<p>A pocos d\u00edas del inicio oficial\ndel a\u00f1o escolar 2021, el Seremi de Educaci\u00f3n de Magallanes Rodrigo Sep\u00falveda\nTagle, junto a la Directora Regional de la Superintendencia de Educaci\u00f3n Safira\nIvelich, Seremi de Salud (S) Eduardo Castillo y el Intendente Regional (S)\nAlejandro V\u00e1squez, visitaron el Liceo Experimental de la Umag, de Punta Arenas,\npara supervisar la implementaci\u00f3n de los protocolos sanitarios en el\nestablecimiento.<\/p>\n\n\n\n<p>Para adaptar su realidad\nparticular a los lineamientos entregados por Minsal y Mineduc, el Liceo\nExperimental elabor\u00f3 un plan de funcionamiento que incluye la organizaci\u00f3n de\nsalas de clases para un m\u00e1ximo de 12 estudiantes, protocolos de ingreso y\nsalida, sanitizaci\u00f3n continua de espacios comunes, uso de escudos faciales y\nmascarillas para docentes y asistentes de la educaci\u00f3n, entre otros. <\/p>\n\n\n\n<p>\u201cQueremos entregar tranquilidad a\nla comunidad educativa de que las escuelas son espacios seguros y que como\nministerio hemos venido trabajando, en coordinaci\u00f3n con el Ministerio de Salud\ny con los colegios, en la preparaci\u00f3n de este inicio del a\u00f1o escolar. Para eso,\nhoy henos llegado hasta este liceo que es uno de los establecimientos que en la\nregi\u00f3n ya est\u00e1n disponibles para recibir a los estudiantes que deseen asistir a\nclases presenciales a partir del 1 de marzo. Como Gobierno y como lo ha\nasegurado el presidente Sebasti\u00e1n Pi\u00f1era, se han entregado todas las garant\u00edas\npara asegurar la tranquilidad de las comunidades educativas que como ha\ninsistido el presidente, el regreso a las salas de clases ser\u00e1 voluntario,\ngradual y flexible y con todos los protocolos en funcionamiento\u201d, reiter\u00f3 <strong>Rodrigo\nSep\u00falveda Tagle.<\/strong><\/p>\n\n\n\n<p>Junto a ello, la autoridad de\neducaci\u00f3n record\u00f3 el trabajo que se ha desarrollado en conjunto con los\nintegrantes del comit\u00e9 regional para el retorno seguro, mesa de trabajo que ha convocado\na diferentes expertos en salud, educaci\u00f3n, gremios, docentes y sostenedores de\ntodos los colegios de la regi\u00f3n, quienes han trabajado en la apertura de\nestablecimientos educacionales mediante la revisi\u00f3n de las medidas de seguridad\npara dar tranquilidad a la comunidad educativa. <\/p>\n\n\n\n<p>Sep\u00falveda Tagle, tambi\u00e9n record\u00f3\nque se trabaja en la apertura de establecimientos en las comunas rurales como San\nGregorio, Laguna Blanca, Torres del Paine, R\u00edo Verde, procesos que tambi\u00e9n\nincluyen la revisi\u00f3n de las medidas de seguridad y sus protocolos de apertura.<\/p>\n\n\n\n<p>&nbsp;A nivel nacional el 100% de los\nestablecimientos educacionales entregaron su Plan de Funcionamiento 2021\nconsiderando procesos de limpieza y desinfecci\u00f3n de salas de clases y espacios\ncomunes, aforos, distanciamiento f\u00edsico y horarios diferidos, entre otras\nmedidas. <\/p>\n\n\n\n<p>Los planes tambi\u00e9n indican las\nmedidas de higiene y protecci\u00f3n personal para la comunidad educativa, adem\u00e1s de\nrutinas para recreos, uso de ba\u00f1os y protocolo de actuaci\u00f3n ante sospecha de\ncasos Covid-19. <\/p>\n\n\n\n<p>Por su parte, la <strong>Directora\nRegional de la Superintendencia de Educaci\u00f3n de Magallanes, Safira Ivelich,<\/strong>\nvalor\u00f3 las medidas implementadas en el Liceo Experimental y comprometi\u00f3 el acompa\u00f1amiento\nde la Superintendencia en el cumplimiento de los protocolos. \u201cLas familias pueden\nestar tranquilas para llevar a sus hijos al colegio. Como Superintendencia de\nEducaci\u00f3n estaremos acompa\u00f1ando a las comunidades educativas en este proceso,\norientando acerca de los protocolos y deberes que los sostenedores deben\ncumplir para resguardar la salud, seguridad e integridad de todos los miembros\nde las comunidades educativas. Vamos a revisar los protocolos de actuaci\u00f3n en\nlos establecimientos educacionales para entregar seguridad y tranquilidad,\ntanto a los padres y apoderados. Si cualquier padre, madre, apoderado,\nfuncionario o estudiante de un establecimiento siente que los protocolos no se\nest\u00e1n cumpliendo debidamente, puede ingresar una denuncia en nuestra web <a href=\"http:\/\/www.supereduc.cl\">www.supereduc.cl<\/a> para que revisemos la\nsituaci\u00f3n\u201d, acot\u00f3.<\/p>\n\n\n\n<p>\u201cComo Gobierno estamos trabajando\nen garantizar la seguridad a los estudiantes. Hemos estado preocupados de\notorgar toda la seguridad a nuestros ni\u00f1os. Todos los establecimientos\neducacionales estar\u00e1n en condiciones de iniciar sus clases presenciales, para\nlo cual el Gobierno ha estado vigilando que se cumpla a cabalidad la normativa\nsanitaria, por el bien de todos los estudiantes y sus familias\u201d, se\u00f1al\u00f3 el <strong>Intendente\nRegional (S) Alejandro V\u00e1squez<\/strong> quien tambi\u00e9n form\u00f3 parte de las autoridades\nque observaron las medidas sanitarias. <\/p>\n\n\n\n<p>Finalmente, el <strong>Seremi de Salud\n(S), Eduardo Castillo,<\/strong> recalc\u00f3 que \u201cComo Serem\u00eda de Salud vamos a acompa\u00f1ar y orientar a todo el proceso\neducacional en la implementaci\u00f3n de los protocolos que se han definido para\nestablecimiento educacionales. Queremos asegurar no solo a los alumnos, sino\nque, a toda la comunidad educativa, vamos a fiscalizar y vamos a visitar todos\nlos establecimientos en la medida que nos informen el inicio de actividades\npresenciales. El protocolo es bien espec\u00edfico, son medidas al ingreso y salida,\nlavado frecuente de manos, uso de mascarilla, distancia f\u00edsica, resguardo al\nmomento de alimentaci\u00f3n y en todas las medidas que se implementar\u00e1n al\ndetectarse un caso positivo\u201d. <\/p>\n\n\n\n<p><strong>Protocolos\ndel Liceo experimental Umag<\/strong><\/p>\n\n\n\n<p>La visita efectuada al Liceo\nExperimental de la UMAG incluy\u00f3 un recorrido por las dependencias de preb\u00e1sica,\nb\u00e1sica y media, las que han sido intervenidas tanto con mejoras en su\ninfraestructura como en la instalaci\u00f3n de medidas de seguridad consideradas en\nlos protocolos sanitarios.<\/p>\n\n\n\n<p>\u201cLas clases comienzan en nuestro\nliceo el 3 de marzo, con clases virtuales, dado que en marzo estaremos revisando\nlos protocolos para hacer los ajustes necesarios. Recibiremos de la mejor\nmanera a nuestros ni\u00f1os en clases presenciales. Comenzaremos con prek\u00ednder,\nprimero y segundo b\u00e1sico y cuarto medio, inicialmente. Posterior a eso, se\nsumar\u00edan otros niveles, dependiendo del contexto sanitario y lo que vivamos d\u00eda\na d\u00eda. Esperamos que en mayo podamos tener a m\u00e1s niveles en sus salas de clases.\nNo obstante, tendremos el sistema h\u00edbrido implementado, para aquellos\napoderados que decidan que sus hijos contin\u00faen en su hogar por las razones\nm\u00e9dicas o familiares que el apoderado determine\u201d, aclar\u00f3 <strong>Rodrigo Machuca,\nDirector del Liceo Experimental. <\/strong><\/p>\n\n\n\n<p>El directivo tambi\u00e9n se\u00f1al\u00f3 que\npriorizaron la asistencia de preb\u00e1sica por la dificultad que surge en el\nproceso de apego. Adem\u00e1s permite, dijo, educar de manera directa sobre las medidas\nsanitarias como el uso de mascarilla y uso de alcohol.<\/p>\n\n\n\n<p>La priorizaci\u00f3n para el primero y\nsegundo b\u00e1sico, se centr\u00f3 en potenciar la lecto escritura, que para este\nestablecimiento resulta ser un proceso esencial en el ni\u00f1o, y en el cual\nrequiere de apoyo presencial que le permitan alcanzar el desarrollo \u00f3ptimo de\nestas habilidades. <\/p>\n\n\n\n<p>Mientras que el cuarto medio,\nrequiere de ayuda para cerrar su ciclo escolar, en el cual la presencialidad es\nesencial para su preparaci\u00f3n a la universidad.<\/p>\n\n\n\n<p>En cuanto a las mejoras que\nincluyeron, se encuentra una remodelaci\u00f3n en la infraestructura de preb\u00e1sica que\ncontempla acceso especial para que los m\u00e1s peque\u00f1os no tengan contacto con el\nresto de la comunidad educativa. El patio de este sector se tech\u00f3 para permitir\nla actividad f\u00edsica. Las salas de b\u00e1sica ya cuentan con las demarcaciones y los\naforos determinados para respetar la distancia f\u00edsica. Los servicios higi\u00e9nicos\nhan sido refaccionados y se ha mejorado su capacidad. Finalmente, invirtieron\nen se\u00f1al\u00e9tica, dep\u00f3sitos de basura para desechos Covid19 y se adquirieron\nlavamanos m\u00f3viles.&nbsp; <\/p>\n","protected":false},"excerpt":{"rendered":"<p>A pocos d\u00edas del inicio oficial del a\u00f1o escolar 2021, el Seremi de Educaci\u00f3n de Magallanes Rodrigo Sep\u00falveda Tagle, junto a la Directora Regional de la Superintendencia de Educaci\u00f3n Safira&#8230; <a class=\"read-more\" href=\"https:\/\/www.radiopresidenteibanez.cl\/web\/seremi-de-educacion-supervisa-implementacion-de-protocolos-en-establecimientos-educacionales-para-el-inicio-del-ano-escolar\/\">Leer m\u00e1s<\/a><\/p>\n","protected":false},"author":2,"featured_media":18849,"comment_status":"closed","ping_status":"closed","sticky":false,"template":"","format":"standard","meta":{"footnotes":""},"categories":[1],"tags":[],"class_list":["post-18848","post","type-post","status-publish","format-standard","has-post-thumbnail","hentry","category-cronica"],"_links":{"self":[{"href":"https:\/\/www.radiopresidenteibanez.cl\/web\/wp-json\/wp\/v2\/posts\/18848","targetHints":{"allow":["GET"]}}],"collection":[{"href":"https:\/\/www.radiopresidenteibanez.cl\/web\/wp-json\/wp\/v2\/posts"}],"about":[{"href":"https:\/\/www.radiopresidenteibanez.cl\/web\/wp-json\/wp\/v2\/types\/post"}],"author":[{"embeddable":true,"href":"https:\/\/www.radiopresidenteibanez.cl\/web\/wp-json\/wp\/v2\/users\/2"}],"replies":[{"embeddable":true,"href":"https:\/\/www.radiopresidenteibanez.cl\/web\/wp-json\/wp\/v2\/comments?post=18848"}],"version-history":[{"count":0,"href":"https:\/\/www.radiopresidenteibanez.cl\/web\/wp-json\/wp\/v2\/posts\/18848\/revisions"}],"wp:featuredmedia":[{"embeddable":true,"href":"https:\/\/www.radiopresidenteibanez.cl\/web\/wp-json\/wp\/v2\/media\/18849"}],"wp:attachment":[{"href":"https:\/\/www.radiopresidenteibanez.cl\/web\/wp-json\/wp\/v2\/media?parent=18848"}],"wp:term":[{"taxonomy":"category","embeddable":true,"href":"https:\/\/www.radiopresidenteibanez.cl\/web\/wp-json\/wp\/v2\/categories?post=18848"},{"taxonomy":"post_tag","embeddable":true,"href":"https:\/\/www.radiopresidenteibanez.cl\/web\/wp-json\/wp\/v2\/tags?post=18848"}],"curies":[{"name":"wp","href":"https:\/\/api.w.org\/{rel}","templated":true}]}}