{"id":18840,"date":"2021-02-26T03:45:00","date_gmt":"2021-02-26T03:45:00","guid":{"rendered":"https:\/\/www.radiopresidenteibanez.cl\/web\/?p=18840"},"modified":"2021-02-25T16:05:01","modified_gmt":"2021-02-25T16:05:01","slug":"establecimientos-educacionales-municipalizados-de-porvenir-comenzaran-sus-clases-el-3-de-marzo-de-manera-remota","status":"publish","type":"post","link":"https:\/\/www.radiopresidenteibanez.cl\/web\/establecimientos-educacionales-municipalizados-de-porvenir-comenzaran-sus-clases-el-3-de-marzo-de-manera-remota\/","title":{"rendered":"ESTABLECIMIENTOS EDUCACIONALES MUNICIPALIZADOS DE PORVENIR COMENZAR\u00c1N SUS CLASES EL 3 DE MARZO DE MANERA REMOTA"},"content":{"rendered":"\n<p>Para el primero de marzo program\u00f3 el\nMinisterio de educaci\u00f3n el inicio del a\u00f1o escolar 2021, pese a esto la\nMunicipalidad de Porvenir determin\u00f3 que el inicio de clases en sus dos\nestablecimientos educacionales ser\u00e1 el mi\u00e9rcoles 3 del pr\u00f3ximo mes de manera\nremota. <\/p>\n\n\n\n<p>Pero este no es el \u00fanico anuncio para\nlos padres apoderados y alumnos de los establecimientos municipales, ya que los\nestudiantes no tendr\u00e1n que usar uniformes de manera obligatoria y la lista de\n\u00fatiles escolares ser\u00e1 reducida.<\/p>\n\n\n\n<p>A contar del d\u00eda primero de marzo,\ntienen que presentarse y retomar sus funciones laborales los profesores, los\nasistentes de la educaci\u00f3n de acuerdo con lo que ha normado al Ministerio de\nEducaci\u00f3n. El d\u00eda 3 de la misma semana estar\u00edan ingresando a clases los alumnos,\npero de manera virtual, se pretende focalizar este inicio del a\u00f1o escolar de\nmanera remota y para ello los primeros d\u00edas se le va a dar mucho apoyo Psicoemocional\na los estudiantes, tambi\u00e9n se van a realizar evaluaciones de contenidos para\nimplementar el reforzamiento que se le debe entregar a ellos mismos.<\/p>\n\n\n\n<p>En este sentido la Alcaldesa de\nPorvenir, Marisol Andrade C\u00e1rdenas, se\u00f1al\u00f3 que \u201chemos conversado con los\ndirectores de ambos establecimientos educacionales y me refiero a la escuela b\u00e1sica\nBernardo O\u2019Higgins y el liceo Bicentenario Hernando Magallanes y lo que hemos\nacordado es que se mantengan las clases virtuales hasta pasadas las elecciones,\ny en este intertanto queremos aplicar una consulta a los padres y apoderados para\nconocer su opini\u00f3n sobre un retorno progresivo que se pretende instaurar y\nl\u00f3gicamente dependiendo de c\u00f3mo est\u00e9 la situaci\u00f3n sanitaria pasadas las\nelecciones en abril\u201d.<\/p>\n\n\n\n<p>Agreg\u00f3 la jefa comunal, \u201clo que\nbuscamos es cuidar a nuestros ni\u00f1os y j\u00f3venes y si llega a ocurrir este retorno\nprogresivo el uso del uniforme no va a ser obligatorio y eso va a significar un\ngran alivio para la econ\u00f3mica de las familias\u201d.<\/p>\n\n\n\n<p>Finalmente la primera autoridad\ncomunal, indic\u00f3 que \u201cnosotros como municipalidad, hemos reforzado el tema\nonline y hemos comprado 320 tablets, porque se determin\u00f3 que hab\u00eda una\nnecesidad dentro de nuestros alumnos, pero tenemos una gran problem\u00e1tica que el\nproblema de la conectividad digital, nosotros esperamos que el Gobierno pueda\nhacer todos los esfuerzos posibles para que pueda conectar a Porvenir con fibra\n\u00f3ptica, porque es la \u00fanica forma que vamos a tener igualdad y equidad en la educaci\u00f3n\npara todos nuestros ni\u00f1os, y eso es una gran demanda que queremos como\ncomunidad, as\u00ed que esperemos que eso se pueda brindar y ver la factibilidad de\nservicios de conectividad digital sea extensiva a toda la comunidad\nporvenire\u00f1a.<\/p>\n\n\n\n<p>Porvenir se encuentra en fase tres,\npero pese a esto el municipio decidi\u00f3 que las clases presenciales comiencen\nincluso despu\u00e9s de las elecciones de abril. un inicio de clases distinto, pero\nal que ya se est\u00e1n adaptando en las diferentes comunas de la regi\u00f3n de\nMagallanes con medidas que resguarden a la comunidad educativa y tambi\u00e9n la\neconom\u00eda de las familias.<\/p>\n","protected":false},"excerpt":{"rendered":"<p>Para el primero de marzo program\u00f3 el Ministerio de educaci\u00f3n el inicio del a\u00f1o escolar 2021, pese a esto la Municipalidad de Porvenir determin\u00f3 que el inicio de clases en&#8230; <a class=\"read-more\" href=\"https:\/\/www.radiopresidenteibanez.cl\/web\/establecimientos-educacionales-municipalizados-de-porvenir-comenzaran-sus-clases-el-3-de-marzo-de-manera-remota\/\">Leer m\u00e1s<\/a><\/p>\n","protected":false},"author":2,"featured_media":18841,"comment_status":"closed","ping_status":"closed","sticky":false,"template":"","format":"standard","meta":{"footnotes":""},"categories":[1],"tags":[],"class_list":["post-18840","post","type-post","status-publish","format-standard","has-post-thumbnail","hentry","category-cronica"],"_links":{"self":[{"href":"https:\/\/www.radiopresidenteibanez.cl\/web\/wp-json\/wp\/v2\/posts\/18840","targetHints":{"allow":["GET"]}}],"collection":[{"href":"https:\/\/www.radiopresidenteibanez.cl\/web\/wp-json\/wp\/v2\/posts"}],"about":[{"href":"https:\/\/www.radiopresidenteibanez.cl\/web\/wp-json\/wp\/v2\/types\/post"}],"author":[{"embeddable":true,"href":"https:\/\/www.radiopresidenteibanez.cl\/web\/wp-json\/wp\/v2\/users\/2"}],"replies":[{"embeddable":true,"href":"https:\/\/www.radiopresidenteibanez.cl\/web\/wp-json\/wp\/v2\/comments?post=18840"}],"version-history":[{"count":0,"href":"https:\/\/www.radiopresidenteibanez.cl\/web\/wp-json\/wp\/v2\/posts\/18840\/revisions"}],"wp:featuredmedia":[{"embeddable":true,"href":"https:\/\/www.radiopresidenteibanez.cl\/web\/wp-json\/wp\/v2\/media\/18841"}],"wp:attachment":[{"href":"https:\/\/www.radiopresidenteibanez.cl\/web\/wp-json\/wp\/v2\/media?parent=18840"}],"wp:term":[{"taxonomy":"category","embeddable":true,"href":"https:\/\/www.radiopresidenteibanez.cl\/web\/wp-json\/wp\/v2\/categories?post=18840"},{"taxonomy":"post_tag","embeddable":true,"href":"https:\/\/www.radiopresidenteibanez.cl\/web\/wp-json\/wp\/v2\/tags?post=18840"}],"curies":[{"name":"wp","href":"https:\/\/api.w.org\/{rel}","templated":true}]}}