{"id":18833,"date":"2021-02-26T03:15:00","date_gmt":"2021-02-26T03:15:00","guid":{"rendered":"https:\/\/www.radiopresidenteibanez.cl\/web\/?p=18833"},"modified":"2021-02-25T14:53:28","modified_gmt":"2021-02-25T14:53:28","slug":"compartamos-letras-campana-de-recoleccion-de-libros-de-gobernacion-a-traves-de-su-opd-provincial","status":"publish","type":"post","link":"https:\/\/www.radiopresidenteibanez.cl\/web\/compartamos-letras-campana-de-recoleccion-de-libros-de-gobernacion-a-traves-de-su-opd-provincial\/","title":{"rendered":"\u201cCOMPARTAMOS LETRAS\u201d, CAMPA\u00d1A DE RECOLECCI\u00d3N DE LIBROS DE GOBERNACI\u00d3N A TRAV\u00c9S DE SU OPD PROVINCIAL"},"content":{"rendered":"\n<p>El&nbsp;D\u00eda Internacional del Libro Infantil y Juvenil&nbsp;se celebra\nel 2 de abril, coincidiendo con el natalicio del escritor dan\u00e9s&nbsp;Hans\nChristian Anderseny es esa fecha la que ha motivado a la Oficina de Protecci\u00f3n\nde Derechos de ni\u00f1os, ni\u00f1as y adolescentes (OPD), de la Gobernaci\u00f3n de\nMagallanes a realizar la campa\u00f1a<strong> \u201cCompartamos letras\u201d<\/strong>, para reunir\nlibros, con el&nbsp; fin \u00faltimo de&nbsp; despertar el inter\u00e9s por la lectura a trav\u00e9s\nde los libros e incentivar a hacer de ello, un h\u00e1bito de vida.<\/p>\n\n\n\n<p>La idea es reunir libros entre la comunidad magall\u00e1nica, los que luego\nser\u00e1n entregados a las familias que est\u00e9n interesadas en crear en sus hijos e\nhijas el h\u00e1bito de la lectura. Para esto ya se est\u00e1n recibiendo las donaciones,\nproceso que se extender\u00e1 hasta el 31 de marzo.<\/p>\n\n\n\n<p>El gobernador provincial de Magallanes, Alejandro V\u00e1squez Servieri,\ndestac\u00f3 esta singular campa\u00f1a, resaltando que \u201cEl trabajo que realiza la OPD\nprovincial es notable, cumpliendo siempre con el objetivo de poner a los ni\u00f1os\nprimero, d\u00e1ndoles el lugar que corresponde, fomentando diversas actividades en\nlas que se motiva, no s\u00f3lo a que ellos aprendan cu\u00e1les son sus derechos, sino\ntambi\u00e9n entregando las instancias, herramientas y actividades para que as\u00ed sea.\nFomentar el h\u00e1bito de la lectura, les abre un mundo de posibilidades, a la\ncultura, al entendimiento, a la comprensi\u00f3n del mundo que les rodea, a la\nhistoria, a ser creativos, es una herramienta para la vida. As\u00ed es que estamos\nmuy contentos con esta campa\u00f1a, que esperamos re\u00fana muchos libros que har\u00e1n\nfelices a muchos ni\u00f1os, ni\u00f1as y adolescentes\u201d<\/p>\n\n\n\n<p>Por su parte, la Coordinadora (s) de OPD provincial Paula Turina,\nexplic\u00f3 que \u201clos libros se estar\u00e1n recepcionando, de lunes a viernes desde las\n09:00 a 17:00hrs en nuestras oficinas ubicadas en calle Primera Junta de\nGobierno #0225, barrio 18 de septiembre o en las dependencias de la Gobernaci\u00f3n\nProvincial de Magallanes, ubicada en Julio Roca #924. Tambi\u00e9n nos encontraremos\nen otros puntos de la comuna para la recolecci\u00f3n de libros, lo que se informar\u00e1\na trav\u00e9s de nuestras distintas redes sociales\u201d.<\/p>\n\n\n\n<p>\u201cNosotros estamos promoviendo uno de los derechos fundamentales de\nni\u00f1os, ni\u00f1as y adolescentes, que es el derecho que ellos y ellas tienen a la\neducaci\u00f3n. La lectura es parte de esto, les abre la puerta a la cultura y les\nentrega oportunidades para la vida\u201d, puntualiz\u00f3 la Coordinadora.<\/p>\n\n\n\n<p>El llamado entonces, es a acercarse a la gobernaci\u00f3n provincial o a las\noficinas de la OPD, para contribuir con esta bella campa\u00f1a, llevando libros\nnuevos o usados; cuentos infantiles, libros para colorear, literatura\ninfantil-juvenil en general, comics, revistas, entre otros.<\/p>\n\n\n\n<p>El mundo de las letras abre la puerta a un mundo infinito y solo trae\nconsigo beneficios y ventajas. Esta es su oportunidad de compartir lo le\u00eddo:\n\u201c\u00a1Compartamos letras!\u201d<\/p>\n","protected":false},"excerpt":{"rendered":"<p>El&nbsp;D\u00eda Internacional del Libro Infantil y Juvenil&nbsp;se celebra el 2 de abril, coincidiendo con el natalicio del escritor dan\u00e9s&nbsp;Hans Christian Anderseny es esa fecha la que ha motivado a la&#8230; <a class=\"read-more\" href=\"https:\/\/www.radiopresidenteibanez.cl\/web\/compartamos-letras-campana-de-recoleccion-de-libros-de-gobernacion-a-traves-de-su-opd-provincial\/\">Leer m\u00e1s<\/a><\/p>\n","protected":false},"author":2,"featured_media":18834,"comment_status":"closed","ping_status":"closed","sticky":false,"template":"","format":"standard","meta":{"footnotes":""},"categories":[1],"tags":[],"class_list":["post-18833","post","type-post","status-publish","format-standard","has-post-thumbnail","hentry","category-cronica"],"_links":{"self":[{"href":"https:\/\/www.radiopresidenteibanez.cl\/web\/wp-json\/wp\/v2\/posts\/18833","targetHints":{"allow":["GET"]}}],"collection":[{"href":"https:\/\/www.radiopresidenteibanez.cl\/web\/wp-json\/wp\/v2\/posts"}],"about":[{"href":"https:\/\/www.radiopresidenteibanez.cl\/web\/wp-json\/wp\/v2\/types\/post"}],"author":[{"embeddable":true,"href":"https:\/\/www.radiopresidenteibanez.cl\/web\/wp-json\/wp\/v2\/users\/2"}],"replies":[{"embeddable":true,"href":"https:\/\/www.radiopresidenteibanez.cl\/web\/wp-json\/wp\/v2\/comments?post=18833"}],"version-history":[{"count":0,"href":"https:\/\/www.radiopresidenteibanez.cl\/web\/wp-json\/wp\/v2\/posts\/18833\/revisions"}],"wp:featuredmedia":[{"embeddable":true,"href":"https:\/\/www.radiopresidenteibanez.cl\/web\/wp-json\/wp\/v2\/media\/18834"}],"wp:attachment":[{"href":"https:\/\/www.radiopresidenteibanez.cl\/web\/wp-json\/wp\/v2\/media?parent=18833"}],"wp:term":[{"taxonomy":"category","embeddable":true,"href":"https:\/\/www.radiopresidenteibanez.cl\/web\/wp-json\/wp\/v2\/categories?post=18833"},{"taxonomy":"post_tag","embeddable":true,"href":"https:\/\/www.radiopresidenteibanez.cl\/web\/wp-json\/wp\/v2\/tags?post=18833"}],"curies":[{"name":"wp","href":"https:\/\/api.w.org\/{rel}","templated":true}]}}