{"id":18830,"date":"2021-02-26T03:00:00","date_gmt":"2021-02-26T03:00:00","guid":{"rendered":"https:\/\/www.radiopresidenteibanez.cl\/web\/?p=18830"},"modified":"2021-02-25T14:50:40","modified_gmt":"2021-02-25T14:50:40","slug":"seremi-de-desarrollo-social-y-familia-junto-a-prodemu-inician-programa-para-potenciar-competencias-laborales-en-mujeres","status":"publish","type":"post","link":"https:\/\/www.radiopresidenteibanez.cl\/web\/seremi-de-desarrollo-social-y-familia-junto-a-prodemu-inician-programa-para-potenciar-competencias-laborales-en-mujeres\/","title":{"rendered":"SEREMI DE DESARROLLO SOCIAL Y FAMILIA JUNTO A PRODEMU INICIAN PROGRAMA PARA POTENCIAR COMPETENCIAS LABORALES EN MUJERES"},"content":{"rendered":"\n<p>Se llev\u00f3 a cabo el inicio del programa Desarrollo de Competencias Laborales (DCL), destinado a potenciar la autonom\u00eda de 20 mujeres de Punta Arenas.<\/p>\n\n\n\n<p>Este programa es el resultado de un convenio entre el Ministerio de Desarrollo Social y Familia y la Fundaci\u00f3n para la Promoci\u00f3n y Desarrollo de la Mujer (PRODEMU), que preside la Primera Dama, Cecilia Morel, y que busca efectuar talleres que entreguen competencias sobre empleabilidad, capacitaci\u00f3n en oficio e intermediaci\u00f3n laboral.<\/p>\n\n\n\n<p>Para la Seremi de Desarrollo Social y Familia de Magallanes y la Ant\u00e1rtica Chilena subrogante, Catalina Alarc\u00f3n, \u201ca trav\u00e9s de la Encuesta Social Covid que nuestro ministerio junto al Programa de las Naciones Unidas para el Desarrollo (PNUD) y el Instituto Nacional de Estad\u00edsticas (INE) ejecutaron para evaluar el impacto socioecon\u00f3mico que ha generado la pandemia, hemos podido dimensionar que las mujeres est\u00e1n regresando en menor n\u00famero al mundo laboral respecto a los hombres. Tambi\u00e9n la encuesta afirma que el 51,9% de los hogares con jefatura femenina mantienen ingresos menores a los que ten\u00eda previo a la emergencia sanitaria. Este contexto nos hace generar instancias para apoyar a las mujeres, a trav\u00e9s de acciones que promuevan la empleabilidad\u201d.<\/p>\n\n\n\n<p>A su vez la Directora Regional de PRODEMU, Gabriela S\u00e1nchez Ca\u00f1ete, manifest\u00f3 que \u201cdebido a la pandemia que hoy nos afecta, muchas mujeres emprendedoras han debido adecuarse a las nuevas exigencias para la producci\u00f3n y elaboraci\u00f3n de alimentos, teniendo que generar nuevas estrategias. Es acogiendo estas necesidades, que el programa las habilita en competencias para el emprendimiento y en el oficio de prevenci\u00f3n de riesgo en el proceso de manipulaci\u00f3n de alimentos&nbsp;y&nbsp;alfabetizaci\u00f3n digital, sumando cerca de 80 horas\u201d.<\/p>\n\n\n\n<p>Una de las beneficiarias es Camila Vel\u00e1squez, quien al inicio del programa agradeci\u00f3 a los representantes de las instituciones ejecutoras. \u201cHay muchas mujeres que s\u00f3lo cuentan con la ense\u00f1anza media, as\u00ed que poder perfeccionarse en estos cursos que son muy flexibles, significan una gran oportunidad porque nos ayudan al crecimiento laboral y personal. Espero que nos vaya bien a todas y que podamos seguir participando en nuevos cursos\u201d, se\u00f1al\u00f3.<\/p>\n\n\n\n<p>El programa establece que las participantes deben ser mujeres desempleadas o en b\u00fasqueda de oportunidades laborales, mayores de 18 a\u00f1os, y ser integrantes del Subsistema Seguridades y Oportunidades del Ministerio de Desarrollo Social y Familia.<\/p>\n\n\n\n<p>Seguridades y Oportunidades brinda apoyo integral y continuo a las personas y hogares m\u00e1s vulnerables, a trav\u00e9s de acciones de acompa\u00f1amiento, acceso a servicios y la entrega de prestaciones sociales.&nbsp;<\/p>\n\n\n\n<p>Para ingresar a los diversos programas de este subsistema las personas deben contar con el Registro Social de Hogares (RSH) y ser seleccionadas por el ministerio para poder participar de manera voluntaria de los beneficios.<\/p>\n","protected":false},"excerpt":{"rendered":"<p>Se llev\u00f3 a cabo el inicio del programa Desarrollo de Competencias Laborales (DCL), destinado a potenciar la autonom\u00eda de 20 mujeres de Punta Arenas. Este programa es el resultado de&#8230; <a class=\"read-more\" href=\"https:\/\/www.radiopresidenteibanez.cl\/web\/seremi-de-desarrollo-social-y-familia-junto-a-prodemu-inician-programa-para-potenciar-competencias-laborales-en-mujeres\/\">Leer m\u00e1s<\/a><\/p>\n","protected":false},"author":2,"featured_media":18831,"comment_status":"closed","ping_status":"closed","sticky":false,"template":"","format":"standard","meta":{"footnotes":""},"categories":[1],"tags":[],"class_list":["post-18830","post","type-post","status-publish","format-standard","has-post-thumbnail","hentry","category-cronica"],"_links":{"self":[{"href":"https:\/\/www.radiopresidenteibanez.cl\/web\/wp-json\/wp\/v2\/posts\/18830","targetHints":{"allow":["GET"]}}],"collection":[{"href":"https:\/\/www.radiopresidenteibanez.cl\/web\/wp-json\/wp\/v2\/posts"}],"about":[{"href":"https:\/\/www.radiopresidenteibanez.cl\/web\/wp-json\/wp\/v2\/types\/post"}],"author":[{"embeddable":true,"href":"https:\/\/www.radiopresidenteibanez.cl\/web\/wp-json\/wp\/v2\/users\/2"}],"replies":[{"embeddable":true,"href":"https:\/\/www.radiopresidenteibanez.cl\/web\/wp-json\/wp\/v2\/comments?post=18830"}],"version-history":[{"count":0,"href":"https:\/\/www.radiopresidenteibanez.cl\/web\/wp-json\/wp\/v2\/posts\/18830\/revisions"}],"wp:featuredmedia":[{"embeddable":true,"href":"https:\/\/www.radiopresidenteibanez.cl\/web\/wp-json\/wp\/v2\/media\/18831"}],"wp:attachment":[{"href":"https:\/\/www.radiopresidenteibanez.cl\/web\/wp-json\/wp\/v2\/media?parent=18830"}],"wp:term":[{"taxonomy":"category","embeddable":true,"href":"https:\/\/www.radiopresidenteibanez.cl\/web\/wp-json\/wp\/v2\/categories?post=18830"},{"taxonomy":"post_tag","embeddable":true,"href":"https:\/\/www.radiopresidenteibanez.cl\/web\/wp-json\/wp\/v2\/tags?post=18830"}],"curies":[{"name":"wp","href":"https:\/\/api.w.org\/{rel}","templated":true}]}}