{"id":18827,"date":"2021-02-26T02:45:00","date_gmt":"2021-02-26T02:45:00","guid":{"rendered":"https:\/\/www.radiopresidenteibanez.cl\/web\/?p=18827"},"modified":"2021-02-25T14:48:59","modified_gmt":"2021-02-25T14:48:59","slug":"estreno-documental-los-suenos-del-castillo","status":"publish","type":"post","link":"https:\/\/www.radiopresidenteibanez.cl\/web\/estreno-documental-los-suenos-del-castillo\/","title":{"rendered":"ESTRENO DOCUMENTAL: LOS SUE\u00d1OS DEL CASTILLO"},"content":{"rendered":"\n<p>\u00bfCu\u00e1l es el significado de los sue\u00f1os? \u00bfse puede so\u00f1ar lo mismo todos los d\u00edas? En poco m\u00e1s de una hora,&nbsp;<strong>\u201cLos sue\u00f1os del castillo\u201d<\/strong>, dirigido por&nbsp;<strong>Ren\u00e9 Ballesteros<\/strong>&nbsp;y producido por&nbsp;<strong>Johanne Shartz<\/strong>, el documental, que ser\u00e1 estrenado por Miradoc en m\u00e1s de ocho plataformas a las cuales se accede a trav\u00e9s de&nbsp;<a href=\"https:\/\/trackercl1.fidelizador.com\/L10E9CD10G10FC4EB0HA9FFDEA6ECJA9FF4821FEK10E9CD1099FE7A8C47FE3AA0E8F97B\" target=\"_blank\" rel=\"noreferrer noopener\">www.miradoc.cl<\/a>, el pr\u00f3ximo jueves 4 de marzo, es una invitaci\u00f3n a explorar el recorrido de la vida de un grupo de adolescentes de un centro de detenci\u00f3n juvenil ubicado en Cholchol, pleno campo del sur de Chile.&nbsp;<\/p>\n\n\n\n<p>Seg\u00fan su creador,&nbsp;<em>\u201caunque Los Sue\u00f1os del Castillo no sea formalmente una pel\u00edcula de terror, aborda los terrores de los j\u00f3venes, a trav\u00e9s de su vida mental y su subjetividad\u201d.<\/em><\/p>\n\n\n\n<p><strong>\u201cLos sue\u00f1os del castillo\u201d<\/strong>&nbsp;gira en torno a las pesadillas recurrentes de un grupo de j\u00f3venes, sus conversaciones sobre lo que se les revela en estos sue\u00f1os por las noches, c\u00f3mo se relacionan con el territorio f\u00edsico que habitan y c\u00f3mo se ven a s\u00ed mismos. En ocasiones, describen que ven situaciones complejas o seres que toman formas misteriosas, pero en otras, para algunos son avisos de algo que va a ocurrir o material para crear canciones. De manera elogiable, el audio de los protagonistas relatando sus pesadillas, se va entrelazando con tomas del centro de detenci\u00f3n juvenil, del campo y se conjuga con la m\u00fasica original.<\/p>\n\n\n\n<p>El documental ha sido presentado en Chile, Argentina y Francia y ha obtenido varios reconocimientos. El mismo a\u00f1o de su estreno gan\u00f3 el&nbsp;<strong>premio a Mejor Pel\u00edcula Chilena, Festival Internacional de Cine de Valdivia FICValdivia 2018, Premio Especial del Jurado, Festival Internacional de Documentales de Santiago FIDOCS 2018 y&nbsp; Mejor M\u00fasica Original, Cin\u00e9ma du R\u00e9el 2019<\/strong>, entre otros.&nbsp;<\/p>\n\n\n\n<p><strong>La cosmovisi\u00f3n mapuche<\/strong><\/p>\n\n\n\n<p><em>\u201cNo s\u00e9 c\u00f3mo despertar, quedo atrapado en la noche, vienen mis sue\u00f1os de mi sangre mapuche\u201d<\/em>, le cuenta uno de los protagonistas a otro mientras conversan acerca de d\u00f3nde vienen sus sue\u00f1os. &nbsp;De acuerdo a la cosmovisi\u00f3n mapuche, un \u201cpewma\u201d o sue\u00f1o, es una v\u00eda para alcanzar mayor sabidur\u00eda o conectarse con mensajes de los esp\u00edritus.<\/p>\n\n\n\n<p>Antes de que existiera el centro de detenci\u00f3n juvenil, el terreno en que se ubica correspond\u00eda a un cementerio ind\u00edgena. Cuando fue comprado por los chilenos, desapareci\u00f3.&nbsp;<em>\u201cEra un campo libre\u201d<\/em>, donde cada persona ped\u00eda ser enterrada en el lugar que prefiriera tras su muerte. Sin embargo, seg\u00fan la creencia local, el diablo se apropia de las almas de quienes est\u00e1n bajo tierra y les da formas de perrito, o de gallina, o de algo brillante. \u201cLos muertos molestan\u201d, advierte uno de los entrevistados.&nbsp;<\/p>\n\n\n\n<p>Para el director, la pel\u00edcula parte de la premisa de que el centro de detenci\u00f3n \u201ces un espacio mental, no solo f\u00edsico\u201d.&nbsp; Al mismo tiempo, seg\u00fan su visi\u00f3n, \u201cmaterializa las pesadillas de j\u00f3venes que han infringido la ley, transgresores\u201d.&nbsp;<\/p>\n\n\n\n<p><strong>El derecho a so\u00f1ar<\/strong><\/p>\n\n\n\n<p>A lo largo del documental distintas voces, son clave para la estructura, van relatando sus sue\u00f1os m\u00e1s frecuentes, sumado a la m\u00fasica por Alexandre del Torchio, se van entretejiendo a medida que la pel\u00edcula avanza. As\u00ed, podemos escuchar a un joven dice so\u00f1ar con una l\u00ednea de fuego que no se puede transgredir, otra persona dice ver que alguien mat\u00f3 a un conocido, otra voz asegura so\u00f1ar con un castillo en medio de un campo, custodiado por dos guardianes, donde tambi\u00e9n hay un puente colgante, una laguna, otros sue\u00f1an con torturas, persecuciones, con heridas y sangre. Algunos tienen miedo de dormir y no despertar; de apagar la luz y volver a so\u00f1ar con familiares muertos, con el diablo, con seres que les dicen que los sigan. &nbsp;<\/p>\n\n\n\n<p>Seg\u00fan Ballesteros, los sue\u00f1os son muy realistas,&nbsp;<em>\u201cson transposiciones de experiencias vividas, collages de momentos reales, es brutal. Es como si en la actividad nocturna no hubiera escapatoria. \u00c9sa es la pregunta que recorre la pel\u00edcula. \u00bfC\u00f3mo escapar de ese lugar? \u00bfc\u00f3mo escapar de esa condena? \u00bfla respuesta est\u00e1 en la noche, en los sue\u00f1os?\u201d<\/em>, concluye.<\/p>\n\n\n\n<p><strong>Sinopsis<\/strong><\/p>\n\n\n\n<p>Un centro de detenci\u00f3n juvenil en medio del campo Mapuche del sur de Chile. Por las noches, los j\u00f3venes detenidos son presa de pesadillas recurrentes. La pel\u00edcula es una exploraci\u00f3n de la relaci\u00f3n entre sus vidas, sus cr\u00edmenes y sus pesadillas, de la relaci\u00f3n entre el territorio y sus sue\u00f1os.<\/p>\n\n\n\n<p><strong>Tr\u00e1iler:<\/strong> <a rel=\"noreferrer noopener\" href=\"https:\/\/trackercl1.fidelizador.com\/L10E9CD10G10FC4EB0HA9FFDEA6ECJA9FF482167K10E9CD1099FE7A8C47FE3AA0E8F97B\" target=\"_blank\">Aqu\u00ed<\/a><\/p>\n","protected":false},"excerpt":{"rendered":"<p>\u00bfCu\u00e1l es el significado de los sue\u00f1os? \u00bfse puede so\u00f1ar lo mismo todos los d\u00edas? En poco m\u00e1s de una hora,&nbsp;\u201cLos sue\u00f1os del castillo\u201d, dirigido por&nbsp;Ren\u00e9 Ballesteros&nbsp;y producido por&nbsp;Johanne Shartz,&#8230; <a class=\"read-more\" href=\"https:\/\/www.radiopresidenteibanez.cl\/web\/estreno-documental-los-suenos-del-castillo\/\">Leer m\u00e1s<\/a><\/p>\n","protected":false},"author":2,"featured_media":18828,"comment_status":"closed","ping_status":"closed","sticky":false,"template":"","format":"standard","meta":{"footnotes":""},"categories":[1],"tags":[],"class_list":["post-18827","post","type-post","status-publish","format-standard","has-post-thumbnail","hentry","category-cronica"],"_links":{"self":[{"href":"https:\/\/www.radiopresidenteibanez.cl\/web\/wp-json\/wp\/v2\/posts\/18827","targetHints":{"allow":["GET"]}}],"collection":[{"href":"https:\/\/www.radiopresidenteibanez.cl\/web\/wp-json\/wp\/v2\/posts"}],"about":[{"href":"https:\/\/www.radiopresidenteibanez.cl\/web\/wp-json\/wp\/v2\/types\/post"}],"author":[{"embeddable":true,"href":"https:\/\/www.radiopresidenteibanez.cl\/web\/wp-json\/wp\/v2\/users\/2"}],"replies":[{"embeddable":true,"href":"https:\/\/www.radiopresidenteibanez.cl\/web\/wp-json\/wp\/v2\/comments?post=18827"}],"version-history":[{"count":0,"href":"https:\/\/www.radiopresidenteibanez.cl\/web\/wp-json\/wp\/v2\/posts\/18827\/revisions"}],"wp:featuredmedia":[{"embeddable":true,"href":"https:\/\/www.radiopresidenteibanez.cl\/web\/wp-json\/wp\/v2\/media\/18828"}],"wp:attachment":[{"href":"https:\/\/www.radiopresidenteibanez.cl\/web\/wp-json\/wp\/v2\/media?parent=18827"}],"wp:term":[{"taxonomy":"category","embeddable":true,"href":"https:\/\/www.radiopresidenteibanez.cl\/web\/wp-json\/wp\/v2\/categories?post=18827"},{"taxonomy":"post_tag","embeddable":true,"href":"https:\/\/www.radiopresidenteibanez.cl\/web\/wp-json\/wp\/v2\/tags?post=18827"}],"curies":[{"name":"wp","href":"https:\/\/api.w.org\/{rel}","templated":true}]}}