{"id":18825,"date":"2021-02-26T02:30:46","date_gmt":"2021-02-26T02:30:46","guid":{"rendered":"https:\/\/www.radiopresidenteibanez.cl\/web\/?p=18825"},"modified":"2021-02-25T14:45:20","modified_gmt":"2021-02-25T14:45:20","slug":"core-aprobo-ejecucion-de-proyecto-fril-conservacion-y-mejoramiento-de-avenida-costanera-en-punta-arenas","status":"publish","type":"post","link":"https:\/\/www.radiopresidenteibanez.cl\/web\/core-aprobo-ejecucion-de-proyecto-fril-conservacion-y-mejoramiento-de-avenida-costanera-en-punta-arenas\/","title":{"rendered":"CORE APROB\u00d3 EJECUCI\u00d3N DE PROYECTO FRIL CONSERVACI\u00d3N Y MEJORAMIENTO DE AVENIDA COSTANERA EN PUNTA ARENAS"},"content":{"rendered":"\n<p>Por unanimidad el Consejo\nRegional de Magallanes y de la Ant\u00e1rtica Chilena aprob\u00f3 en la tercera Sesi\u00f3n\nPlenaria efectuada este mi\u00e9rcoles por videoconferencia, la ejecuci\u00f3n del\nproyecto \u201cConservaci\u00f3n y Mejoramiento de Diferentes Sectores de Avenida Costanera\u201d,\npresentado por el municipio de Punta Arenas bajo la modalidad del Fondo Regional\nde Iniciativa Local (FRIL) 2021, administraci\u00f3n directa. <\/p>\n\n\n\n<p>La iniciativa contempla una\ninversi\u00f3n de 34 millones 585 mil pesos y ofrecer\u00e1 una posibilidad de trabajo\npara veintid\u00f3s personas por un periodo de tres meses. Entre otras mejoras se\nefectuar\u00e1 la restauraci\u00f3n de diferentes espacios a trav\u00e9s de la limpieza,\npreparaci\u00f3n de superficies y pinturas desde calle Julio Roca (lado de\nGobernaci\u00f3n Mar\u00edtima) hasta Avenida Manuel Bulnes (norte, frente a Zona Franca)\nconsiderando muros rompeolas, mesas y bancas, celos\u00edas cortaviento, mirador,\nplazuela de los exploradores, bancas abdominales, troncos borde costero,\nbasureros, vigas de acero y esculturas de madera. Tambi\u00e9n la arborizaci\u00f3n entre\nlas calles Julio Roca y Angamos.<\/p>\n\n\n\n<p>Seg\u00fan coment\u00f3 el presidente\ndel CORE, Tolentino Soto, \u201ceste proyecto tiene por finalidad reponer una serie\nde infraestructura p\u00fablica y luminaria en la Avenida Costanera y significa una\nocupaci\u00f3n de mano de obra lo cual es tan necesario en el momento post pandemia\nque estamos viviendo. Quiero destacar que este a\u00f1o las iniciativas FRIL tendr\u00e1n\nun tope de 100 millones de pesos por lo cual pasan a ser una inversi\u00f3n interesante\npara el desarrollo de las distintas comunas\u201d.<\/p>\n\n\n\n<p>Por su parte el presidente de\nla comisi\u00f3n Infraestructura, Miguel Sierpe, valor\u00f3 el respaldo un\u00e1nime del\nConsejo, \u201cresulta reconfortante aprobar un proyecto del Fondo Regional de\nInversi\u00f3n Local FRIL que permitir\u00e1 restablecer&nbsp;\nlas condiciones \u00f3ptimas de esta avenida y esperamos que se le otorgue\nuna nueva vista a la Costanera del Estrecho de Magallanes\u201d, concluy\u00f3. <\/p>\n\n\n\n<p>El Consejo Regional se reunir\u00e1\nnuevamente el pr\u00f3ximo viernes 26 de febrero para analizar importantes\niniciativas en el trabajo de comisiones, las cuales ser\u00e1n sancionadas m\u00e1s tarde\na las 18 horas en la Cuarta Sesi\u00f3n Plenaria.<\/p>\n","protected":false},"excerpt":{"rendered":"<p>Por unanimidad el Consejo Regional de Magallanes y de la Ant\u00e1rtica Chilena aprob\u00f3 en la tercera Sesi\u00f3n Plenaria efectuada este mi\u00e9rcoles por videoconferencia, la ejecuci\u00f3n del proyecto \u201cConservaci\u00f3n y Mejoramiento&#8230; <a class=\"read-more\" href=\"https:\/\/www.radiopresidenteibanez.cl\/web\/core-aprobo-ejecucion-de-proyecto-fril-conservacion-y-mejoramiento-de-avenida-costanera-en-punta-arenas\/\">Leer m\u00e1s<\/a><\/p>\n","protected":false},"author":2,"featured_media":18820,"comment_status":"closed","ping_status":"closed","sticky":false,"template":"","format":"standard","meta":{"footnotes":""},"categories":[1],"tags":[],"class_list":["post-18825","post","type-post","status-publish","format-standard","has-post-thumbnail","hentry","category-cronica"],"_links":{"self":[{"href":"https:\/\/www.radiopresidenteibanez.cl\/web\/wp-json\/wp\/v2\/posts\/18825","targetHints":{"allow":["GET"]}}],"collection":[{"href":"https:\/\/www.radiopresidenteibanez.cl\/web\/wp-json\/wp\/v2\/posts"}],"about":[{"href":"https:\/\/www.radiopresidenteibanez.cl\/web\/wp-json\/wp\/v2\/types\/post"}],"author":[{"embeddable":true,"href":"https:\/\/www.radiopresidenteibanez.cl\/web\/wp-json\/wp\/v2\/users\/2"}],"replies":[{"embeddable":true,"href":"https:\/\/www.radiopresidenteibanez.cl\/web\/wp-json\/wp\/v2\/comments?post=18825"}],"version-history":[{"count":0,"href":"https:\/\/www.radiopresidenteibanez.cl\/web\/wp-json\/wp\/v2\/posts\/18825\/revisions"}],"wp:featuredmedia":[{"embeddable":true,"href":"https:\/\/www.radiopresidenteibanez.cl\/web\/wp-json\/wp\/v2\/media\/18820"}],"wp:attachment":[{"href":"https:\/\/www.radiopresidenteibanez.cl\/web\/wp-json\/wp\/v2\/media?parent=18825"}],"wp:term":[{"taxonomy":"category","embeddable":true,"href":"https:\/\/www.radiopresidenteibanez.cl\/web\/wp-json\/wp\/v2\/categories?post=18825"},{"taxonomy":"post_tag","embeddable":true,"href":"https:\/\/www.radiopresidenteibanez.cl\/web\/wp-json\/wp\/v2\/tags?post=18825"}],"curies":[{"name":"wp","href":"https:\/\/api.w.org\/{rel}","templated":true}]}}